{"id":1666,"date":"2013-11-04T16:44:45","date_gmt":"2013-11-04T16:44:45","guid":{"rendered":"https:\/\/pacojordan.com\/?p=1666"},"modified":"2021-05-01T16:50:15","modified_gmt":"2021-05-01T16:50:15","slug":"distincion-titulo-acef","status":"publish","type":"post","link":"https:\/\/pacojordan.com\/?p=1666","title":{"rendered":"Distinci\u00f3n t\u00edtulo ACEF."},"content":{"rendered":"<p><strong>Este fin de semana los d\u00edas 1,2 y 3 de Noviembre se ha celebrado en la ciudad de \u00a0Villajoyosa el 38 Congreso nacional de la Confederaci\u00f3n Espa\u00f1ola de Fotograf\u00eda.<\/strong><\/p>\n<p><strong>Hoy os quiero transmitir una grat\u00edsima noticia, y es que en este congreso me hicieron entrega de T\u00edtulo ACEF (Artista de la Confederaci\u00f3n Espa\u00f1ola de Fotograf\u00eda). La distinci\u00f3n la recib\u00ed a manos de Josep Manel Requena Vicepresidente de la CEF. Tambi\u00e9n quiero felicitar a mi gran amigo Santos Moreno galardonado con el premio Nacional de fotograf\u00eda 2014.<\/strong><\/p>\n<p><img loading=\"lazy\" class=\"alignnone size-medium wp-image-469\" src=\"https:\/\/pacojordan.com\/wp-content\/uploads\/2020\/05\/foto-29-300x211.jpg\" alt=\"\" width=\"300\" height=\"211\" srcset=\"https:\/\/pacojordan.com\/wp-content\/uploads\/2020\/05\/foto-29-300x211.jpg 300w, https:\/\/pacojordan.com\/wp-content\/uploads\/2020\/05\/foto-29-768x541.jpg 768w, https:\/\/pacojordan.com\/wp-content\/uploads\/2020\/05\/foto-29.jpg 1020w\" sizes=\"(max-width: 300px) 100vw, 300px\" \/><\/p>\n<p><img loading=\"lazy\" class=\"alignnone size-medium wp-image-468\" src=\"https:\/\/pacojordan.com\/wp-content\/uploads\/2020\/05\/foto-28-229x300.jpg\" alt=\"\" width=\"229\" height=\"300\" srcset=\"https:\/\/pacojordan.com\/wp-content\/uploads\/2020\/05\/foto-28-229x300.jpg 229w, https:\/\/pacojordan.com\/wp-content\/uploads\/2020\/05\/foto-28.jpg 580w\" sizes=\"(max-width: 229px) 100vw, 229px\" \/><\/p>\n<p>&nbsp;<\/p>\n","protected":false},"excerpt":{"rendered":"<p>Este fin de semana los d\u00edas 1,2 y 3 de Noviembre se ha celebrado en &hellip;<\/p>\n<p class=\"read-more\"> <a class=\"\" href=\"https:\/\/pacojordan.com\/?p=1666\"> <span class=\"screen-reader-text\">Distinci\u00f3n t\u00edtulo ACEF.<\/span> Leer m\u00e1s \u00bb<\/a><\/p>\n","protected":false},"author":1,"featured_media":469,"comment_status":"open","ping_status":"open","sticky":false,"template":"","format":"standard","meta":[],"categories":[1],"tags":[],"_links":{"self":[{"href":"https:\/\/pacojordan.com\/index.php?rest_route=\/wp\/v2\/posts\/1666"}],"collection":[{"href":"https:\/\/pacojordan.com\/index.php?rest_route=\/wp\/v2\/posts"}],"about":[{"href":"https:\/\/pacojordan.com\/index.php?rest_route=\/wp\/v2\/types\/post"}],"author":[{"embeddable":true,"href":"https:\/\/pacojordan.com\/index.php?rest_route=\/wp\/v2\/users\/1"}],"replies":[{"embeddable":true,"href":"https:\/\/pacojordan.com\/index.php?rest_route=%2Fwp%2Fv2%2Fcomments&post=1666"}],"version-history":[{"count":2,"href":"https:\/\/pacojordan.com\/index.php?rest_route=\/wp\/v2\/posts\/1666\/revisions"}],"predecessor-version":[{"id":1673,"href":"https:\/\/pacojordan.com\/index.php?rest_route=\/wp\/v2\/posts\/1666\/revisions\/1673"}],"wp:featuredmedia":[{"embeddable":true,"href":"https:\/\/pacojordan.com\/index.php?rest_route=\/wp\/v2\/media\/469"}],"wp:attachment":[{"href":"https:\/\/pacojordan.com\/index.php?rest_route=%2Fwp%2Fv2%2Fmedia&parent=1666"}],"wp:term":[{"taxonomy":"category","embeddable":true,"href":"https:\/\/pacojordan.com\/index.php?rest_route=%2Fwp%2Fv2%2Fcategories&post=1666"},{"taxonomy":"post_tag","embeddable":true,"href":"https:\/\/pacojordan.com\/index.php?rest_route=%2Fwp%2Fv2%2Ftags&post=1666"}],"curies":[{"name":"wp","href":"https:\/\/api.w.org\/{rel}","templated":true}]}}