{"id":1872,"date":"2014-03-20T16:07:11","date_gmt":"2014-03-20T16:07:11","guid":{"rendered":"https:\/\/pacojordan.com\/?p=1872"},"modified":"2021-05-10T16:12:46","modified_gmt":"2021-05-10T16:12:46","slug":"distinciones-de-artista-y-excelencia-en-la-gala-50-mm","status":"publish","type":"post","link":"https:\/\/pacojordan.com\/?p=1872","title":{"rendered":"Distinciones de Artista y Excelencia en la Gala 50 mm."},"content":{"rendered":"<p><strong>El fin de semana pasado d\u00eda 15 se celebr\u00f3 en Vilanova i la Geltr\u00fa, la 7\u00aa Edici\u00f3n de los premios 50mm de fotograf\u00eda de la Federaci\u00f3n Catalana. Tengo el placer de comunicaros que en dicha gala recib\u00ed las distinciones de AFCF (Artista de la Federaci\u00f3n Catalana de Fotograf\u00eda) y EFCF (Excelencia de la Federaci\u00f3n Catalana de Fotograf\u00eda). Desde aqu\u00ed felicito a Jos\u00e9 A. Andr\u00e9s Ferriz presidente de la FCF\u00a0 y a todos los miembros de la junta directiva en la realizaci\u00f3n de la \u00a0Gala 50 mm.<\/strong><\/p>\n<p><img loading=\"lazy\" class=\"alignnone size-medium wp-image-462\" src=\"https:\/\/pacojordan.com\/wp-content\/uploads\/2020\/05\/foto-24-300x225.jpg\" alt=\"\" width=\"300\" height=\"225\" srcset=\"https:\/\/pacojordan.com\/wp-content\/uploads\/2020\/05\/foto-24-300x225.jpg 300w, https:\/\/pacojordan.com\/wp-content\/uploads\/2020\/05\/foto-24-1024x767.jpg 1024w, https:\/\/pacojordan.com\/wp-content\/uploads\/2020\/05\/foto-24-768x575.jpg 768w, https:\/\/pacojordan.com\/wp-content\/uploads\/2020\/05\/foto-24.jpg 1026w\" sizes=\"(max-width: 300px) 100vw, 300px\" \/> <img loading=\"lazy\" class=\"alignnone size-medium wp-image-463\" src=\"https:\/\/pacojordan.com\/wp-content\/uploads\/2020\/05\/foto-25-300x225.jpg\" alt=\"\" width=\"300\" height=\"225\" srcset=\"https:\/\/pacojordan.com\/wp-content\/uploads\/2020\/05\/foto-25-300x225.jpg 300w, https:\/\/pacojordan.com\/wp-content\/uploads\/2020\/05\/foto-25-1024x768.jpg 1024w, https:\/\/pacojordan.com\/wp-content\/uploads\/2020\/05\/foto-25-768x576.jpg 768w, https:\/\/pacojordan.com\/wp-content\/uploads\/2020\/05\/foto-25.jpg 1026w\" sizes=\"(max-width: 300px) 100vw, 300px\" \/><\/p>\n<p><img loading=\"lazy\" class=\"alignnone size-medium wp-image-464\" src=\"https:\/\/pacojordan.com\/wp-content\/uploads\/2020\/05\/foto-26-300x211.jpg\" alt=\"\" width=\"300\" height=\"211\" srcset=\"https:\/\/pacojordan.com\/wp-content\/uploads\/2020\/05\/foto-26-300x211.jpg 300w, https:\/\/pacojordan.com\/wp-content\/uploads\/2020\/05\/foto-26-1024x720.jpg 1024w, https:\/\/pacojordan.com\/wp-content\/uploads\/2020\/05\/foto-26-768x540.jpg 768w, https:\/\/pacojordan.com\/wp-content\/uploads\/2020\/05\/foto-26.jpg 1026w\" sizes=\"(max-width: 300px) 100vw, 300px\" \/><img loading=\"lazy\" class=\"alignnone size-medium wp-image-465\" src=\"https:\/\/pacojordan.com\/wp-content\/uploads\/2020\/05\/foto-27-300x211.jpg\" alt=\"\" width=\"300\" height=\"211\" srcset=\"https:\/\/pacojordan.com\/wp-content\/uploads\/2020\/05\/foto-27-300x211.jpg 300w, https:\/\/pacojordan.com\/wp-content\/uploads\/2020\/05\/foto-27-768x540.jpg 768w, https:\/\/pacojordan.com\/wp-content\/uploads\/2020\/05\/foto-27.jpg 1024w\" sizes=\"(max-width: 300px) 100vw, 300px\" \/><\/p>\n","protected":false},"excerpt":{"rendered":"<p>El fin de semana pasado d\u00eda 15 se celebr\u00f3 en Vilanova i la Geltr\u00fa, la &hellip;<\/p>\n<p class=\"read-more\"> <a class=\"\" href=\"https:\/\/pacojordan.com\/?p=1872\"> <span class=\"screen-reader-text\">Distinciones de Artista y Excelencia en la Gala 50 mm.<\/span> Leer m\u00e1s \u00bb<\/a><\/p>\n","protected":false},"author":1,"featured_media":463,"comment_status":"open","ping_status":"open","sticky":false,"template":"","format":"standard","meta":[],"categories":[1],"tags":[],"_links":{"self":[{"href":"https:\/\/pacojordan.com\/index.php?rest_route=\/wp\/v2\/posts\/1872"}],"collection":[{"href":"https:\/\/pacojordan.com\/index.php?rest_route=\/wp\/v2\/posts"}],"about":[{"href":"https:\/\/pacojordan.com\/index.php?rest_route=\/wp\/v2\/types\/post"}],"author":[{"embeddable":true,"href":"https:\/\/pacojordan.com\/index.php?rest_route=\/wp\/v2\/users\/1"}],"replies":[{"embeddable":true,"href":"https:\/\/pacojordan.com\/index.php?rest_route=%2Fwp%2Fv2%2Fcomments&post=1872"}],"version-history":[{"count":2,"href":"https:\/\/pacojordan.com\/index.php?rest_route=\/wp\/v2\/posts\/1872\/revisions"}],"predecessor-version":[{"id":1874,"href":"https:\/\/pacojordan.com\/index.php?rest_route=\/wp\/v2\/posts\/1872\/revisions\/1874"}],"wp:featuredmedia":[{"embeddable":true,"href":"https:\/\/pacojordan.com\/index.php?rest_route=\/wp\/v2\/media\/463"}],"wp:attachment":[{"href":"https:\/\/pacojordan.com\/index.php?rest_route=%2Fwp%2Fv2%2Fmedia&parent=1872"}],"wp:term":[{"taxonomy":"category","embeddable":true,"href":"https:\/\/pacojordan.com\/index.php?rest_route=%2Fwp%2Fv2%2Fcategories&post=1872"},{"taxonomy":"post_tag","embeddable":true,"href":"https:\/\/pacojordan.com\/index.php?rest_route=%2Fwp%2Fv2%2Ftags&post=1872"}],"curies":[{"name":"wp","href":"https:\/\/api.w.org\/{rel}","templated":true}]}}