{"id":1892,"date":"2016-01-24T16:35:27","date_gmt":"2016-01-24T16:35:27","guid":{"rendered":"https:\/\/pacojordan.com\/?p=1892"},"modified":"2021-05-11T19:36:47","modified_gmt":"2021-05-11T19:36:47","slug":"exposicion-colectiva-en-eibar","status":"publish","type":"post","link":"https:\/\/pacojordan.com\/?p=1892","title":{"rendered":"Exposici\u00f3n colectiva en \u00c9ibar."},"content":{"rendered":"<p><strong>A trav\u00e9s de El Grup Fotogr\u00e0fic d\u00b4Almenara he sido invitado a participar en una exposici\u00f3n colectiva de un total de 28 fotograf\u00edas, en el Klub Deportibo Argazki Taldea de \u00c9ibar (Gipuzkoa) la exposici\u00f3n estar\u00e1 desde el d\u00eda 2 de enero al 31, en la Sala de Exposiciones del Eibarko Klub Deportibo, sita en C\/Toribio Etxeberria 2- 1\u00ba \u00c9ibar en horario de 16 a 22h. Agradezco al Grup Fotogr\u00e0fic d\u00b4Almenara por la invitaci\u00f3n de poder participar en dicho evento.<\/strong><\/p>\n<p><img loading=\"lazy\" class=\"alignnone wp-image-449\" src=\"https:\/\/pacojordan.com\/wp-content\/uploads\/2020\/05\/foto-19.jpg\" alt=\"\" width=\"1024\" height=\"604\" srcset=\"https:\/\/pacojordan.com\/wp-content\/uploads\/2020\/05\/foto-19.jpg 678w, https:\/\/pacojordan.com\/wp-content\/uploads\/2020\/05\/foto-19-300x177.jpg 300w\" sizes=\"(max-width: 1024px) 100vw, 1024px\" \/><\/p>\n","protected":false},"excerpt":{"rendered":"<p>A trav\u00e9s de El Grup Fotogr\u00e0fic d\u00b4Almenara he sido invitado a participar en una exposici\u00f3n &hellip;<\/p>\n<p class=\"read-more\"> <a class=\"\" href=\"https:\/\/pacojordan.com\/?p=1892\"> <span class=\"screen-reader-text\">Exposici\u00f3n colectiva en \u00c9ibar.<\/span> Leer m\u00e1s \u00bb<\/a><\/p>\n","protected":false},"author":1,"featured_media":442,"comment_status":"closed","ping_status":"open","sticky":false,"template":"","format":"standard","meta":[],"categories":[1],"tags":[],"_links":{"self":[{"href":"https:\/\/pacojordan.com\/index.php?rest_route=\/wp\/v2\/posts\/1892"}],"collection":[{"href":"https:\/\/pacojordan.com\/index.php?rest_route=\/wp\/v2\/posts"}],"about":[{"href":"https:\/\/pacojordan.com\/index.php?rest_route=\/wp\/v2\/types\/post"}],"author":[{"embeddable":true,"href":"https:\/\/pacojordan.com\/index.php?rest_route=\/wp\/v2\/users\/1"}],"replies":[{"embeddable":true,"href":"https:\/\/pacojordan.com\/index.php?rest_route=%2Fwp%2Fv2%2Fcomments&post=1892"}],"version-history":[{"count":3,"href":"https:\/\/pacojordan.com\/index.php?rest_route=\/wp\/v2\/posts\/1892\/revisions"}],"predecessor-version":[{"id":1894,"href":"https:\/\/pacojordan.com\/index.php?rest_route=\/wp\/v2\/posts\/1892\/revisions\/1894"}],"wp:featuredmedia":[{"embeddable":true,"href":"https:\/\/pacojordan.com\/index.php?rest_route=\/wp\/v2\/media\/442"}],"wp:attachment":[{"href":"https:\/\/pacojordan.com\/index.php?rest_route=%2Fwp%2Fv2%2Fmedia&parent=1892"}],"wp:term":[{"taxonomy":"category","embeddable":true,"href":"https:\/\/pacojordan.com\/index.php?rest_route=%2Fwp%2Fv2%2Fcategories&post=1892"},{"taxonomy":"post_tag","embeddable":true,"href":"https:\/\/pacojordan.com\/index.php?rest_route=%2Fwp%2Fv2%2Ftags&post=1892"}],"curies":[{"name":"wp","href":"https:\/\/api.w.org\/{rel}","templated":true}]}}