{"id":1896,"date":"2016-04-03T16:39:28","date_gmt":"2016-04-03T16:39:28","guid":{"rendered":"https:\/\/pacojordan.com\/?p=1896"},"modified":"2021-05-11T19:36:47","modified_gmt":"2021-05-11T19:36:47","slug":"exposicion-colectiva-festimatge-2016","status":"publish","type":"post","link":"https:\/\/pacojordan.com\/?p=1896","title":{"rendered":"Exposici\u00f3n colectiva Festimatge 2016."},"content":{"rendered":"<p><strong>Me complace comunicaros que este a\u00f1o a trav\u00e9s de la Federaci\u00f3n Levantina de Fotograf\u00eda, he sido seleccionado para participar en una exposici\u00f3n colectiva de 49 autores\/as miembros de la FLF. La exposici\u00f3n estar\u00e1 del 2 al 24 de abril, en la localidad barcelonesa de Calella, donde se celebra el prestigioso Festival Fotogr\u00e1fico Internacional \u201cFestimatge 2016\u201d.<\/strong><\/p>\n<p><strong>Por otra parte me alegra tambi\u00e9n comunicaros que la foto con la que participo en la exposici\u00f3n colectiva, ha sido utilizada por Festimatge para el cartel que anuncia la exposici\u00f3n de la Federaci\u00f3n Levantina.<\/strong><\/p>\n<p><img loading=\"lazy\" class=\"alignnone wp-image-447 size-full\" src=\"https:\/\/pacojordan.com\/wp-content\/uploads\/2020\/05\/foto-18.jpg\" alt=\"\" width=\"613\" height=\"656\" srcset=\"https:\/\/pacojordan.com\/wp-content\/uploads\/2020\/05\/foto-18.jpg 613w, https:\/\/pacojordan.com\/wp-content\/uploads\/2020\/05\/foto-18-280x300.jpg 280w\" sizes=\"(max-width: 613px) 100vw, 613px\" \/><\/p>\n<p>&nbsp;<\/p>\n","protected":false},"excerpt":{"rendered":"<p>Me complace comunicaros que este a\u00f1o a trav\u00e9s de la Federaci\u00f3n Levantina de Fotograf\u00eda, he &hellip;<\/p>\n<p class=\"read-more\"> <a class=\"\" href=\"https:\/\/pacojordan.com\/?p=1896\"> <span class=\"screen-reader-text\">Exposici\u00f3n colectiva Festimatge 2016.<\/span> Leer m\u00e1s \u00bb<\/a><\/p>\n","protected":false},"author":1,"featured_media":651,"comment_status":"closed","ping_status":"open","sticky":false,"template":"","format":"standard","meta":[],"categories":[1],"tags":[],"_links":{"self":[{"href":"https:\/\/pacojordan.com\/index.php?rest_route=\/wp\/v2\/posts\/1896"}],"collection":[{"href":"https:\/\/pacojordan.com\/index.php?rest_route=\/wp\/v2\/posts"}],"about":[{"href":"https:\/\/pacojordan.com\/index.php?rest_route=\/wp\/v2\/types\/post"}],"author":[{"embeddable":true,"href":"https:\/\/pacojordan.com\/index.php?rest_route=\/wp\/v2\/users\/1"}],"replies":[{"embeddable":true,"href":"https:\/\/pacojordan.com\/index.php?rest_route=%2Fwp%2Fv2%2Fcomments&post=1896"}],"version-history":[{"count":3,"href":"https:\/\/pacojordan.com\/index.php?rest_route=\/wp\/v2\/posts\/1896\/revisions"}],"predecessor-version":[{"id":1898,"href":"https:\/\/pacojordan.com\/index.php?rest_route=\/wp\/v2\/posts\/1896\/revisions\/1898"}],"wp:featuredmedia":[{"embeddable":true,"href":"https:\/\/pacojordan.com\/index.php?rest_route=\/wp\/v2\/media\/651"}],"wp:attachment":[{"href":"https:\/\/pacojordan.com\/index.php?rest_route=%2Fwp%2Fv2%2Fmedia&parent=1896"}],"wp:term":[{"taxonomy":"category","embeddable":true,"href":"https:\/\/pacojordan.com\/index.php?rest_route=%2Fwp%2Fv2%2Fcategories&post=1896"},{"taxonomy":"post_tag","embeddable":true,"href":"https:\/\/pacojordan.com\/index.php?rest_route=%2Fwp%2Fv2%2Ftags&post=1896"}],"curies":[{"name":"wp","href":"https:\/\/api.w.org\/{rel}","templated":true}]}}