{"id":1900,"date":"2016-05-01T16:42:41","date_gmt":"2016-05-01T16:42:41","guid":{"rendered":"https:\/\/pacojordan.com\/?p=1900"},"modified":"2021-05-11T19:36:47","modified_gmt":"2021-05-11T19:36:47","slug":"exposicion-colectiva-villajoyosa","status":"publish","type":"post","link":"https:\/\/pacojordan.com\/?p=1900","title":{"rendered":"Exposici\u00f3n colectiva Villajoyosa."},"content":{"rendered":"<p><strong>Me complace comunicaros que el pr\u00f3ximo d\u00eda 3 de Mayo a las 20:00 horas se inaugura la exposici\u00f3n \u201cEl Trabajo\u201d en la que expongo junto con cuatro socios m\u00e1s de Foto Cine la Vila, en total son 30 fotos con el tema \u201cEl Trabajo\u201d que se podr\u00e1 visitar desde el 4 al 31 de mayo en la sala de exposiciones del Centro Social de Villajoyosa.<\/strong><\/p>\n<p><strong>Exponen:<\/strong><\/p>\n<p><strong>Antonio Mingot<\/strong><br \/>\n<strong>Paco Jord\u00e1n<\/strong><br \/>\n<strong>Eduardo Pascual<\/strong><br \/>\n<strong>Vicente Sivera <\/strong><br \/>\n<strong>Manuel L\u00f3pez Puerma<\/strong><\/p>\n<p><strong>Esta exposici\u00f3n tiene el reconocimiento de la Federaci\u00f3n Levantina de Fotograf\u00eda (FLF) y la Confederaci\u00f3n Espa\u00f1ola de Fotograf\u00eda (CEF)<\/strong><\/p>\n<p>&nbsp;<\/p>\n","protected":false},"excerpt":{"rendered":"<p>Me complace comunicaros que el pr\u00f3ximo d\u00eda 3 de Mayo a las 20:00 horas se &hellip;<\/p>\n<p class=\"read-more\"> <a class=\"\" href=\"https:\/\/pacojordan.com\/?p=1900\"> <span class=\"screen-reader-text\">Exposici\u00f3n colectiva Villajoyosa.<\/span> Leer m\u00e1s \u00bb<\/a><\/p>\n","protected":false},"author":1,"featured_media":443,"comment_status":"closed","ping_status":"open","sticky":false,"template":"","format":"standard","meta":[],"categories":[1],"tags":[],"_links":{"self":[{"href":"https:\/\/pacojordan.com\/index.php?rest_route=\/wp\/v2\/posts\/1900"}],"collection":[{"href":"https:\/\/pacojordan.com\/index.php?rest_route=\/wp\/v2\/posts"}],"about":[{"href":"https:\/\/pacojordan.com\/index.php?rest_route=\/wp\/v2\/types\/post"}],"author":[{"embeddable":true,"href":"https:\/\/pacojordan.com\/index.php?rest_route=\/wp\/v2\/users\/1"}],"replies":[{"embeddable":true,"href":"https:\/\/pacojordan.com\/index.php?rest_route=%2Fwp%2Fv2%2Fcomments&post=1900"}],"version-history":[{"count":2,"href":"https:\/\/pacojordan.com\/index.php?rest_route=\/wp\/v2\/posts\/1900\/revisions"}],"predecessor-version":[{"id":1902,"href":"https:\/\/pacojordan.com\/index.php?rest_route=\/wp\/v2\/posts\/1900\/revisions\/1902"}],"wp:featuredmedia":[{"embeddable":true,"href":"https:\/\/pacojordan.com\/index.php?rest_route=\/wp\/v2\/media\/443"}],"wp:attachment":[{"href":"https:\/\/pacojordan.com\/index.php?rest_route=%2Fwp%2Fv2%2Fmedia&parent=1900"}],"wp:term":[{"taxonomy":"category","embeddable":true,"href":"https:\/\/pacojordan.com\/index.php?rest_route=%2Fwp%2Fv2%2Fcategories&post=1900"},{"taxonomy":"post_tag","embeddable":true,"href":"https:\/\/pacojordan.com\/index.php?rest_route=%2Fwp%2Fv2%2Ftags&post=1900"}],"curies":[{"name":"wp","href":"https:\/\/api.w.org\/{rel}","templated":true}]}}