{"id":1906,"date":"2016-10-30T16:46:47","date_gmt":"2016-10-30T16:46:47","guid":{"rendered":"https:\/\/pacojordan.com\/?p=1906"},"modified":"2025-11-11T15:39:18","modified_gmt":"2025-11-11T15:39:18","slug":"jurado-en-el-v-salon-internacional-ciudad-de-villajoyosa","status":"publish","type":"post","link":"https:\/\/pacojordan.com\/?p=1906","title":{"rendered":"Jurado en el V Sal\u00f3n Internacional. \u201cCiudad de Villajoyosa\u201d"},"content":{"rendered":"<p><strong>El pasado s\u00e1bado d\u00eda 22 de Octubre, tuve el placer de ejercer como jurado del V Sal\u00f3n Internacional de Fotograf\u00eda \u201cCiudad de Villajoyosa\u201d \u2013 Memorial Mat\u00edas Devesa. Este sal\u00f3n est\u00e1 dentro del II Circuito Ib\u00e9rico de Fotograf\u00eda. Para tan grata labor, tuve la satisfacci\u00f3n y el placer de realizar el fallo junto a los fot\u00f3grafos:<\/strong><\/p>\n<p><strong>Juan Ram\u00f3n Velasco \u2013 Presidente de la A.F. de Guadalajara<\/strong><\/p>\n<p><strong>Jos\u00e9 Beut Duato de Valencia \u2013 Grup Fotogr\u00e1fic D`Almenara.<\/strong><\/p>\n<p><strong>Para terminar, agradecer a la junta directiva de Foto-Cine La Vila por su invitaci\u00f3n de poder formar parte del jurado de \u00e9ste prestigioso concurso.<\/strong><\/p>\n","protected":false},"excerpt":{"rendered":"<p>El pasado s\u00e1bado d\u00eda 22 de Octubre, tuve el placer de ejercer como jurado del &hellip;<\/p>\n<p class=\"read-more\"> <a class=\"\" href=\"https:\/\/pacojordan.com\/?p=1906\"> <span class=\"screen-reader-text\">Jurado en el V Sal\u00f3n Internacional. \u201cCiudad de Villajoyosa\u201d<\/span> Leer m\u00e1s \u00bb<\/a><\/p>\n","protected":false},"author":1,"featured_media":437,"comment_status":"closed","ping_status":"open","sticky":false,"template":"","format":"standard","meta":[],"categories":[1],"tags":[],"_links":{"self":[{"href":"https:\/\/pacojordan.com\/index.php?rest_route=\/wp\/v2\/posts\/1906"}],"collection":[{"href":"https:\/\/pacojordan.com\/index.php?rest_route=\/wp\/v2\/posts"}],"about":[{"href":"https:\/\/pacojordan.com\/index.php?rest_route=\/wp\/v2\/types\/post"}],"author":[{"embeddable":true,"href":"https:\/\/pacojordan.com\/index.php?rest_route=\/wp\/v2\/users\/1"}],"replies":[{"embeddable":true,"href":"https:\/\/pacojordan.com\/index.php?rest_route=%2Fwp%2Fv2%2Fcomments&post=1906"}],"version-history":[{"count":1,"href":"https:\/\/pacojordan.com\/index.php?rest_route=\/wp\/v2\/posts\/1906\/revisions"}],"predecessor-version":[{"id":1907,"href":"https:\/\/pacojordan.com\/index.php?rest_route=\/wp\/v2\/posts\/1906\/revisions\/1907"}],"wp:featuredmedia":[{"embeddable":true,"href":"https:\/\/pacojordan.com\/index.php?rest_route=\/wp\/v2\/media\/437"}],"wp:attachment":[{"href":"https:\/\/pacojordan.com\/index.php?rest_route=%2Fwp%2Fv2%2Fmedia&parent=1906"}],"wp:term":[{"taxonomy":"category","embeddable":true,"href":"https:\/\/pacojordan.com\/index.php?rest_route=%2Fwp%2Fv2%2Fcategories&post=1906"},{"taxonomy":"post_tag","embeddable":true,"href":"https:\/\/pacojordan.com\/index.php?rest_route=%2Fwp%2Fv2%2Ftags&post=1906"}],"curies":[{"name":"wp","href":"https:\/\/api.w.org\/{rel}","templated":true}]}}