{"id":1919,"date":"2017-05-05T17:10:48","date_gmt":"2017-05-05T17:10:48","guid":{"rendered":"https:\/\/pacojordan.com\/?p=1919"},"modified":"2025-11-11T15:39:18","modified_gmt":"2025-11-11T15:39:18","slug":"exposicion-colectiva-gfal-2017-en-antequera-malaga","status":"publish","type":"post","link":"https:\/\/pacojordan.com\/?p=1919","title":{"rendered":"Exposici\u00f3n Colectiva GFAL 2017 en Antequera (M\u00e1laga)"},"content":{"rendered":"<p><strong>El pasado s\u00e1bado d\u00eda 11 de marzo, se celebr\u00f3 la 10\u00aa Gala 50mm que cada a\u00f1o celebra la Federaci\u00f3 Catalana de Fotograf\u00eda en Vilanova i La Geltr\u00fa (Barcelona). En dicha gala la Federaci\u00f3n Catalana de Fotograf\u00eda hace entrega de las distinciones que los fot\u00f3grafos obtienen a lo largo del a\u00f1o.<\/strong><\/p>\n<p><strong>Tengo el placer de comunicaros que este a\u00f1o me ha sido concedida la distinci\u00f3n de Maestro 1 estrella (MFCF), por la Federaci\u00f3n Catalana de Fotograf\u00eda.<\/strong><\/p>\n<p><img loading=\"lazy\" class=\"alignnone wp-image-429 size-full\" src=\"https:\/\/pacojordan.com\/wp-content\/uploads\/2020\/05\/foto-11-e1620753013129.jpg\" alt=\"\" width=\"591\" height=\"439\" \/><\/p>\n<p>&nbsp;<\/p>\n<p>&nbsp;<\/p>\n<p>&nbsp;<\/p>\n<p>&nbsp;<\/p>\n","protected":false},"excerpt":{"rendered":"<p>El pasado s\u00e1bado d\u00eda 11 de marzo, se celebr\u00f3 la 10\u00aa Gala 50mm que cada &hellip;<\/p>\n<p class=\"read-more\"> <a class=\"\" href=\"https:\/\/pacojordan.com\/?p=1919\"> <span class=\"screen-reader-text\">Exposici\u00f3n Colectiva GFAL 2017 en Antequera (M\u00e1laga)<\/span> Leer m\u00e1s \u00bb<\/a><\/p>\n","protected":false},"author":1,"featured_media":427,"comment_status":"closed","ping_status":"open","sticky":false,"template":"","format":"standard","meta":[],"categories":[1],"tags":[],"_links":{"self":[{"href":"https:\/\/pacojordan.com\/index.php?rest_route=\/wp\/v2\/posts\/1919"}],"collection":[{"href":"https:\/\/pacojordan.com\/index.php?rest_route=\/wp\/v2\/posts"}],"about":[{"href":"https:\/\/pacojordan.com\/index.php?rest_route=\/wp\/v2\/types\/post"}],"author":[{"embeddable":true,"href":"https:\/\/pacojordan.com\/index.php?rest_route=\/wp\/v2\/users\/1"}],"replies":[{"embeddable":true,"href":"https:\/\/pacojordan.com\/index.php?rest_route=%2Fwp%2Fv2%2Fcomments&post=1919"}],"version-history":[{"count":3,"href":"https:\/\/pacojordan.com\/index.php?rest_route=\/wp\/v2\/posts\/1919\/revisions"}],"predecessor-version":[{"id":1921,"href":"https:\/\/pacojordan.com\/index.php?rest_route=\/wp\/v2\/posts\/1919\/revisions\/1921"}],"wp:featuredmedia":[{"embeddable":true,"href":"https:\/\/pacojordan.com\/index.php?rest_route=\/wp\/v2\/media\/427"}],"wp:attachment":[{"href":"https:\/\/pacojordan.com\/index.php?rest_route=%2Fwp%2Fv2%2Fmedia&parent=1919"}],"wp:term":[{"taxonomy":"category","embeddable":true,"href":"https:\/\/pacojordan.com\/index.php?rest_route=%2Fwp%2Fv2%2Fcategories&post=1919"},{"taxonomy":"post_tag","embeddable":true,"href":"https:\/\/pacojordan.com\/index.php?rest_route=%2Fwp%2Fv2%2Ftags&post=1919"}],"curies":[{"name":"wp","href":"https:\/\/api.w.org\/{rel}","templated":true}]}}