{"id":1925,"date":"2017-05-10T17:19:11","date_gmt":"2017-05-10T17:19:11","guid":{"rendered":"https:\/\/pacojordan.com\/?p=1925"},"modified":"2025-11-11T15:39:18","modified_gmt":"2025-11-11T15:39:18","slug":"inauguracion-exposicion-colectiva-de-gfal-en-imaginaria-17","status":"publish","type":"post","link":"https:\/\/pacojordan.com\/?p=1925","title":{"rendered":"Inauguraci\u00f3n Exposici\u00f3n Colectiva de GFAL en IMAGINARIA \u201917"},"content":{"rendered":"<p><strong>Un a\u00f1o m\u00e1s, llega a su cita el Festival Imagin\u00e0ria fotograf\u00eda en primavera que en este a\u00f1o 2017 alcanza su XIV edici\u00f3n. El Grup Fotogr\u00e0fic d\u00b4Almenara estar\u00e1 por segundo a\u00f1o consecutivo representado dentro del Festival.<\/strong><\/p>\n<p><strong>La exposici\u00f3n colectiva est\u00e1 formada por 30 obras de tem\u00e1tica libre. La selecci\u00f3n de estas, fue realizada por el Coordinador de Festival, Daniel Belinch\u00f3n. La inauguraci\u00f3n tendr\u00e1 lugar el pr\u00f3ximo d\u00eda 12 de mayo, a las 19 h. en el Centre Municipal de Cultura \u201cPaulo Freire\u201d de Almenara (C\/ Major 103) y tendr\u00e1 un periodo expositivo del 12 de mayo al 2 de junio, de lunes a viernes, de 9 a 13 h. y de 16:30 a 20:30 h.<\/strong><\/p>\n<p><img loading=\"lazy\" class=\"alignnone wp-image-424 size-full\" src=\"https:\/\/pacojordan.com\/wp-content\/uploads\/2020\/05\/foto-8.jpg\" alt=\"\" width=\"612\" height=\"412\" srcset=\"https:\/\/pacojordan.com\/wp-content\/uploads\/2020\/05\/foto-8.jpg 612w, https:\/\/pacojordan.com\/wp-content\/uploads\/2020\/05\/foto-8-300x202.jpg 300w\" sizes=\"(max-width: 612px) 100vw, 612px\" \/><\/p>\n<p>&nbsp;<\/p>\n","protected":false},"excerpt":{"rendered":"<p>Un a\u00f1o m\u00e1s, llega a su cita el Festival Imagin\u00e0ria fotograf\u00eda en primavera que en &hellip;<\/p>\n<p class=\"read-more\"> <a class=\"\" href=\"https:\/\/pacojordan.com\/?p=1925\"> <span class=\"screen-reader-text\">Inauguraci\u00f3n Exposici\u00f3n Colectiva de GFAL en IMAGINARIA \u201917<\/span> Leer m\u00e1s \u00bb<\/a><\/p>\n","protected":false},"author":1,"featured_media":423,"comment_status":"closed","ping_status":"open","sticky":false,"template":"","format":"standard","meta":[],"categories":[1],"tags":[],"_links":{"self":[{"href":"https:\/\/pacojordan.com\/index.php?rest_route=\/wp\/v2\/posts\/1925"}],"collection":[{"href":"https:\/\/pacojordan.com\/index.php?rest_route=\/wp\/v2\/posts"}],"about":[{"href":"https:\/\/pacojordan.com\/index.php?rest_route=\/wp\/v2\/types\/post"}],"author":[{"embeddable":true,"href":"https:\/\/pacojordan.com\/index.php?rest_route=\/wp\/v2\/users\/1"}],"replies":[{"embeddable":true,"href":"https:\/\/pacojordan.com\/index.php?rest_route=%2Fwp%2Fv2%2Fcomments&post=1925"}],"version-history":[{"count":2,"href":"https:\/\/pacojordan.com\/index.php?rest_route=\/wp\/v2\/posts\/1925\/revisions"}],"predecessor-version":[{"id":1927,"href":"https:\/\/pacojordan.com\/index.php?rest_route=\/wp\/v2\/posts\/1925\/revisions\/1927"}],"wp:featuredmedia":[{"embeddable":true,"href":"https:\/\/pacojordan.com\/index.php?rest_route=\/wp\/v2\/media\/423"}],"wp:attachment":[{"href":"https:\/\/pacojordan.com\/index.php?rest_route=%2Fwp%2Fv2%2Fmedia&parent=1925"}],"wp:term":[{"taxonomy":"category","embeddable":true,"href":"https:\/\/pacojordan.com\/index.php?rest_route=%2Fwp%2Fv2%2Fcategories&post=1925"},{"taxonomy":"post_tag","embeddable":true,"href":"https:\/\/pacojordan.com\/index.php?rest_route=%2Fwp%2Fv2%2Ftags&post=1925"}],"curies":[{"name":"wp","href":"https:\/\/api.w.org\/{rel}","templated":true}]}}