{"id":1931,"date":"2017-12-02T17:23:25","date_gmt":"2017-12-02T17:23:25","guid":{"rendered":"https:\/\/pacojordan.com\/?p=1931"},"modified":"2025-11-11T15:39:18","modified_gmt":"2025-11-11T15:39:18","slug":"jurado-en-el-iv-salon-internacional-de-fotografia-xativa-2017","status":"publish","type":"post","link":"https:\/\/pacojordan.com\/?p=1931","title":{"rendered":"Jurado en el IV Sal\u00f3n Internacional de Fotograf\u00eda X\u00e1tiva 2017."},"content":{"rendered":"<p><strong>El D\u00eda 2 y 3 de Diciembre, tuve el honor de ser invitado como jurado al IV Sal\u00f3n Internacional de Fotograf\u00eda de X\u00e1tiva.<\/strong><\/p>\n<p><strong>Para tan grata labor, tuve la satisfacci\u00f3n y el placer de realizar el fallo junto a los fot\u00f3grafos:<\/strong><\/p>\n<p><strong>Juan Ram\u00f3n Velasco \u2013 \u00a0Presidente de la A.F. de Guadalajara<\/strong><\/p>\n<p><strong>Jos\u00e9 Luis Tejedor \u2013 Miembro en la Real Sociedad Fotogr\u00e1fica as\u00ed como tambi\u00e9n de la Confederaci\u00f3n Espa\u00f1ola de Fotograf\u00eda como responsable de imagen.<\/strong><\/p>\n<p><strong>Para terminar, agradecer tanto al presidente Eugenio Vila como a todo su equipo de la junta directiva de AFSA, de poder formar parte del jurado de \u00e9ste prestigioso concurso y su fant\u00e1stica organizaci\u00f3n del certamen as\u00ed como el trato tan agradable que recib\u00ed esos d\u00edas.<\/strong><\/p>\n<p>&nbsp;<\/p>\n","protected":false},"excerpt":{"rendered":"<p>El D\u00eda 2 y 3 de Diciembre, tuve el honor de ser invitado como jurado &hellip;<\/p>\n<p class=\"read-more\"> <a class=\"\" href=\"https:\/\/pacojordan.com\/?p=1931\"> <span class=\"screen-reader-text\">Jurado en el IV Sal\u00f3n Internacional de Fotograf\u00eda X\u00e1tiva 2017.<\/span> Leer m\u00e1s \u00bb<\/a><\/p>\n","protected":false},"author":1,"featured_media":419,"comment_status":"closed","ping_status":"open","sticky":false,"template":"","format":"standard","meta":[],"categories":[1],"tags":[],"_links":{"self":[{"href":"https:\/\/pacojordan.com\/index.php?rest_route=\/wp\/v2\/posts\/1931"}],"collection":[{"href":"https:\/\/pacojordan.com\/index.php?rest_route=\/wp\/v2\/posts"}],"about":[{"href":"https:\/\/pacojordan.com\/index.php?rest_route=\/wp\/v2\/types\/post"}],"author":[{"embeddable":true,"href":"https:\/\/pacojordan.com\/index.php?rest_route=\/wp\/v2\/users\/1"}],"replies":[{"embeddable":true,"href":"https:\/\/pacojordan.com\/index.php?rest_route=%2Fwp%2Fv2%2Fcomments&post=1931"}],"version-history":[{"count":2,"href":"https:\/\/pacojordan.com\/index.php?rest_route=\/wp\/v2\/posts\/1931\/revisions"}],"predecessor-version":[{"id":1933,"href":"https:\/\/pacojordan.com\/index.php?rest_route=\/wp\/v2\/posts\/1931\/revisions\/1933"}],"wp:featuredmedia":[{"embeddable":true,"href":"https:\/\/pacojordan.com\/index.php?rest_route=\/wp\/v2\/media\/419"}],"wp:attachment":[{"href":"https:\/\/pacojordan.com\/index.php?rest_route=%2Fwp%2Fv2%2Fmedia&parent=1931"}],"wp:term":[{"taxonomy":"category","embeddable":true,"href":"https:\/\/pacojordan.com\/index.php?rest_route=%2Fwp%2Fv2%2Fcategories&post=1931"},{"taxonomy":"post_tag","embeddable":true,"href":"https:\/\/pacojordan.com\/index.php?rest_route=%2Fwp%2Fv2%2Ftags&post=1931"}],"curies":[{"name":"wp","href":"https:\/\/api.w.org\/{rel}","templated":true}]}}