{"id":1934,"date":"2018-05-26T17:26:32","date_gmt":"2018-05-26T17:26:32","guid":{"rendered":"https:\/\/pacojordan.com\/?p=1934"},"modified":"2025-11-11T15:39:18","modified_gmt":"2025-11-11T15:39:18","slug":"jurado-en-el-fallo-xl-concurso-de-fotografia-vila-dalmenara-iv-salon-internacional-digital-2018","status":"publish","type":"post","link":"https:\/\/pacojordan.com\/?p=1934","title":{"rendered":"Jurado en el Fallo XL Concurso de Fotograf\u00eda Vila d\u00b4Almenara \u2013 IV Sal\u00f3n Internacional Digital 2018."},"content":{"rendered":"<p><strong>Durante los pasados d\u00edas 25, 26 y 27 de mayo, tuve el honor de ser invitado como jurado en la localidad de Almenara, a la celebraci\u00f3n del Fallo XL Concurso de Fotograf\u00eda Vila d\u00b4Almenara \u2013 IV Sal\u00f3n Internacional Digital 2018.<\/strong><br \/>\n<strong>En \u00e9sta ocasi\u00f3n tuve el privilegio de tener como compa\u00f1eros de jurado a Hugo C. Romano de (Israel) y a Jean Saleilles (Francia).<\/strong><\/p>\n<p><img loading=\"lazy\" class=\"alignnone wp-image-412 \" src=\"https:\/\/pacojordan.com\/wp-content\/uploads\/2020\/05\/foto-3.jpg\" alt=\"\" width=\"614\" height=\"348\" srcset=\"https:\/\/pacojordan.com\/wp-content\/uploads\/2020\/05\/foto-3.jpg 582w, https:\/\/pacojordan.com\/wp-content\/uploads\/2020\/05\/foto-3-300x170.jpg 300w\" sizes=\"(max-width: 614px) 100vw, 614px\" \/><img loading=\"lazy\" class=\"wp-image-418 alignleft\" src=\"https:\/\/pacojordan.com\/wp-content\/uploads\/2020\/05\/foto-4.jpg\" alt=\"\" width=\"493\" height=\"330\" srcset=\"https:\/\/pacojordan.com\/wp-content\/uploads\/2020\/05\/foto-4.jpg 584w, https:\/\/pacojordan.com\/wp-content\/uploads\/2020\/05\/foto-4-300x201.jpg 300w\" sizes=\"(max-width: 493px) 100vw, 493px\" \/><\/p>\n<p><strong>El viernes d\u00eda 25, con presencia de la Sra. alcaldesa Est\u00edbaliz P\u00e9rez, el concejal de cultura Sr. Francesc Bargay, la t\u00e9cnico de cultura D\u00f1a. Bel\u00e9n Sim\u00f3n y del Presidente de GFAL, Sr. Santos Moreno, nos hicieron un acto de bienvenida y nos presentaron como jurado en el Ayuntamiento de Almenara.<\/strong><\/p>\n<p><img loading=\"lazy\" class=\"alignnone wp-image-410 size-full\" src=\"https:\/\/pacojordan.com\/wp-content\/uploads\/2020\/05\/foto-2.jpg\" alt=\"\" width=\"587\" height=\"391\" srcset=\"https:\/\/pacojordan.com\/wp-content\/uploads\/2020\/05\/foto-2.jpg 587w, https:\/\/pacojordan.com\/wp-content\/uploads\/2020\/05\/foto-2-300x200.jpg 300w\" sizes=\"(max-width: 587px) 100vw, 587px\" \/><\/p>\n<p><strong>Minutos m\u00e1s tarde, realizamos una visita al Centro Municipal de Cultura \u201cPaulo Freire\u201d, donde se encontraba expuesta la muestra Colectiva GFAL, dentro del programa de Imaginaria Fotograf\u00eda en Primavera 2018.<\/strong><\/p>\n<p>&nbsp;<\/p>\n<p>&nbsp;<\/p>\n","protected":false},"excerpt":{"rendered":"<p>Durante los pasados d\u00edas 25, 26 y 27 de mayo, tuve el honor de ser &hellip;<\/p>\n<p class=\"read-more\"> <a class=\"\" href=\"https:\/\/pacojordan.com\/?p=1934\"> <span class=\"screen-reader-text\">Jurado en el Fallo XL Concurso de Fotograf\u00eda Vila d\u00b4Almenara \u2013 IV Sal\u00f3n Internacional Digital 2018.<\/span> Leer m\u00e1s \u00bb<\/a><\/p>\n","protected":false},"author":1,"featured_media":410,"comment_status":"closed","ping_status":"open","sticky":false,"template":"","format":"standard","meta":[],"categories":[1],"tags":[],"_links":{"self":[{"href":"https:\/\/pacojordan.com\/index.php?rest_route=\/wp\/v2\/posts\/1934"}],"collection":[{"href":"https:\/\/pacojordan.com\/index.php?rest_route=\/wp\/v2\/posts"}],"about":[{"href":"https:\/\/pacojordan.com\/index.php?rest_route=\/wp\/v2\/types\/post"}],"author":[{"embeddable":true,"href":"https:\/\/pacojordan.com\/index.php?rest_route=\/wp\/v2\/users\/1"}],"replies":[{"embeddable":true,"href":"https:\/\/pacojordan.com\/index.php?rest_route=%2Fwp%2Fv2%2Fcomments&post=1934"}],"version-history":[{"count":5,"href":"https:\/\/pacojordan.com\/index.php?rest_route=\/wp\/v2\/posts\/1934\/revisions"}],"predecessor-version":[{"id":1936,"href":"https:\/\/pacojordan.com\/index.php?rest_route=\/wp\/v2\/posts\/1934\/revisions\/1936"}],"wp:featuredmedia":[{"embeddable":true,"href":"https:\/\/pacojordan.com\/index.php?rest_route=\/wp\/v2\/media\/410"}],"wp:attachment":[{"href":"https:\/\/pacojordan.com\/index.php?rest_route=%2Fwp%2Fv2%2Fmedia&parent=1934"}],"wp:term":[{"taxonomy":"category","embeddable":true,"href":"https:\/\/pacojordan.com\/index.php?rest_route=%2Fwp%2Fv2%2Fcategories&post=1934"},{"taxonomy":"post_tag","embeddable":true,"href":"https:\/\/pacojordan.com\/index.php?rest_route=%2Fwp%2Fv2%2Ftags&post=1934"}],"curies":[{"name":"wp","href":"https:\/\/api.w.org\/{rel}","templated":true}]}}