{"id":1940,"date":"2019-05-13T17:42:13","date_gmt":"2019-05-13T17:42:13","guid":{"rendered":"https:\/\/pacojordan.com\/?p=1940"},"modified":"2025-11-11T15:39:17","modified_gmt":"2025-11-11T15:39:17","slug":"acto-de-inauguracion-de-la-exposicion-colectiva-gfal-en-imaginaria-2019","status":"publish","type":"post","link":"https:\/\/pacojordan.com\/?p=1940","title":{"rendered":"Acto de inauguraci\u00f3n de la exposici\u00f3n colectiva GFAL en Imaginaria 2019."},"content":{"rendered":"<p><b>Un a\u00f1o m\u00e1s, llega a su cita el Festival Imagin\u00e0ria fotograf\u00eda en primavera que en este a\u00f1o 2019 .El Grup Fotogr\u00e0fic d\u00b4Almenara estar\u00e1 por segundo a\u00f1o consecutivo representado dentro del Festival en el que he tenido el privilegio de poder participar una vez m\u00e1s en esta exposici\u00f3n colectiva. \u00a0El acto de presentaci\u00f3n fue\u00a0a cargo del presidente de GFAL,\u00a0Santos Moreno, en el que tuvimos adem\u00e1s, el honor de contar con la presencia del\u00a0Director\u00a0del Festival,\u00a0D. Daniel Belinch\u00f3n, as\u00ed como de un gran n\u00famero de soci@s y amigos.<\/b><\/p>\n<p><img loading=\"lazy\" class=\"alignnone wp-image-1944 size-full\" src=\"https:\/\/pacojordan.com\/wp-content\/uploads\/2019\/05\/af-1.jpg\" alt=\"\" width=\"587\" height=\"395\" srcset=\"https:\/\/pacojordan.com\/wp-content\/uploads\/2019\/05\/af-1.jpg 587w, https:\/\/pacojordan.com\/wp-content\/uploads\/2019\/05\/af-1-300x202.jpg 300w\" sizes=\"(max-width: 587px) 100vw, 587px\" \/><img loading=\"lazy\" class=\"alignnone wp-image-1945 \" src=\"https:\/\/pacojordan.com\/wp-content\/uploads\/2019\/05\/af2.jpg\" alt=\"\" width=\"526\" height=\"400\" srcset=\"https:\/\/pacojordan.com\/wp-content\/uploads\/2019\/05\/af2.jpg 586w, https:\/\/pacojordan.com\/wp-content\/uploads\/2019\/05\/af2-300x228.jpg 300w\" sizes=\"(max-width: 526px) 100vw, 526px\" \/><\/p>\n<p>&nbsp;<\/p>\n<p>&nbsp;<\/p>\n<p>&nbsp;<\/p>\n<p>&nbsp;<\/p>\n<p>&nbsp;<\/p>\n","protected":false},"excerpt":{"rendered":"<p>Un a\u00f1o m\u00e1s, llega a su cita el Festival Imagin\u00e0ria fotograf\u00eda en primavera que en &hellip;<\/p>\n<p class=\"read-more\"> <a class=\"\" href=\"https:\/\/pacojordan.com\/?p=1940\"> <span class=\"screen-reader-text\">Acto de inauguraci\u00f3n de la exposici\u00f3n colectiva GFAL en Imaginaria 2019.<\/span> Leer m\u00e1s \u00bb<\/a><\/p>\n","protected":false},"author":1,"featured_media":405,"comment_status":"closed","ping_status":"open","sticky":false,"template":"","format":"standard","meta":[],"categories":[1],"tags":[],"_links":{"self":[{"href":"https:\/\/pacojordan.com\/index.php?rest_route=\/wp\/v2\/posts\/1940"}],"collection":[{"href":"https:\/\/pacojordan.com\/index.php?rest_route=\/wp\/v2\/posts"}],"about":[{"href":"https:\/\/pacojordan.com\/index.php?rest_route=\/wp\/v2\/types\/post"}],"author":[{"embeddable":true,"href":"https:\/\/pacojordan.com\/index.php?rest_route=\/wp\/v2\/users\/1"}],"replies":[{"embeddable":true,"href":"https:\/\/pacojordan.com\/index.php?rest_route=%2Fwp%2Fv2%2Fcomments&post=1940"}],"version-history":[{"count":3,"href":"https:\/\/pacojordan.com\/index.php?rest_route=\/wp\/v2\/posts\/1940\/revisions"}],"predecessor-version":[{"id":1943,"href":"https:\/\/pacojordan.com\/index.php?rest_route=\/wp\/v2\/posts\/1940\/revisions\/1943"}],"wp:featuredmedia":[{"embeddable":true,"href":"https:\/\/pacojordan.com\/index.php?rest_route=\/wp\/v2\/media\/405"}],"wp:attachment":[{"href":"https:\/\/pacojordan.com\/index.php?rest_route=%2Fwp%2Fv2%2Fmedia&parent=1940"}],"wp:term":[{"taxonomy":"category","embeddable":true,"href":"https:\/\/pacojordan.com\/index.php?rest_route=%2Fwp%2Fv2%2Fcategories&post=1940"},{"taxonomy":"post_tag","embeddable":true,"href":"https:\/\/pacojordan.com\/index.php?rest_route=%2Fwp%2Fv2%2Ftags&post=1940"}],"curies":[{"name":"wp","href":"https:\/\/api.w.org\/{rel}","templated":true}]}}