{"id":1952,"date":"2021-05-08T19:05:29","date_gmt":"2021-05-08T19:05:29","guid":{"rendered":"https:\/\/pacojordan.com\/?p=1952"},"modified":"2025-11-11T15:39:17","modified_gmt":"2025-11-11T15:39:17","slug":"exposicion-imaginaria-2021","status":"publish","type":"post","link":"https:\/\/pacojordan.com\/?p=1952","title":{"rendered":"Exposici\u00f3n Imaginaria 2021"},"content":{"rendered":"<p>Un a\u00f1o m\u00e1s he tenido el honor de poder participar en el Festival de IMAGINARIA 2021. El pasado viernes d\u00eda 7 de mayo a las 19 horas, tuvo lugar la inauguraci\u00f3n de la exposici\u00f3n colectiva del\u00a0<strong>Grup Fotogr\u00e0fic d\u00b4Almenara<\/strong>, en la sala de exposiciones del Centro Cultural \u201cPaulo Freire\u201d de Almenara, dentro del<strong>\u00a0Festival Imaginaria 2021<\/strong>. Al acto asisti\u00f3 como representantes del Ayuntamiento de Almenara el regidor de Cultura,\u00a0<strong>D. Francesc Bargay,( el cual abri\u00f3 el acto ) las t\u00e9cnico de cultura D\u00f1a. Bel\u00e9n Sim\u00f3n y D\u00f1a. Aida Antonino, D. Fernando Falc\u00f3 presidente de GFAL, Tambi\u00e9n tuvimos la grand\u00edsima suerte y honor de contar con D. Santos Moreno presidente de la Confederaci\u00f3n Espa\u00f1ola de Fotograf\u00eda y D\u00f1a. Mar Biosca, en calidad de Responsable de Igualdad de la CEF.\u00a0<\/strong>y un gran n\u00famero de socios\/as de GFAL, much\u00edsimas gracias a todos, por acompa\u00f1arnos ese d\u00eda.<\/p>\n<p><img loading=\"lazy\" class=\"alignnone wp-image-1956 \" src=\"https:\/\/pacojordan.com\/wp-content\/uploads\/2021\/05\/Woman-Bike.jpg\" alt=\"\" width=\"671\" height=\"439\" srcset=\"https:\/\/pacojordan.com\/wp-content\/uploads\/2021\/05\/Woman-Bike.jpg 1024w, https:\/\/pacojordan.com\/wp-content\/uploads\/2021\/05\/Woman-Bike-300x197.jpg 300w, https:\/\/pacojordan.com\/wp-content\/uploads\/2021\/05\/Woman-Bike-768x503.jpg 768w\" sizes=\"(max-width: 671px) 100vw, 671px\" \/><img loading=\"lazy\" class=\"alignnone wp-image-1957 size-full\" src=\"https:\/\/pacojordan.com\/wp-content\/uploads\/2021\/05\/Captura-45.jpg\" alt=\"\" width=\"602\" height=\"456\" srcset=\"https:\/\/pacojordan.com\/wp-content\/uploads\/2021\/05\/Captura-45.jpg 602w, https:\/\/pacojordan.com\/wp-content\/uploads\/2021\/05\/Captura-45-300x227.jpg 300w\" sizes=\"(max-width: 602px) 100vw, 602px\" \/><\/p>\n<p>&nbsp;<\/p>\n<p>&nbsp;<\/p>\n","protected":false},"excerpt":{"rendered":"<p>Un a\u00f1o m\u00e1s he tenido el honor de poder participar en el Festival de IMAGINARIA &hellip;<\/p>\n<p class=\"read-more\"> <a class=\"\" href=\"https:\/\/pacojordan.com\/?p=1952\"> <span class=\"screen-reader-text\">Exposici\u00f3n Imaginaria 2021<\/span> Leer m\u00e1s \u00bb<\/a><\/p>\n","protected":false},"author":1,"featured_media":1953,"comment_status":"closed","ping_status":"open","sticky":false,"template":"","format":"standard","meta":[],"categories":[1],"tags":[],"_links":{"self":[{"href":"https:\/\/pacojordan.com\/index.php?rest_route=\/wp\/v2\/posts\/1952"}],"collection":[{"href":"https:\/\/pacojordan.com\/index.php?rest_route=\/wp\/v2\/posts"}],"about":[{"href":"https:\/\/pacojordan.com\/index.php?rest_route=\/wp\/v2\/types\/post"}],"author":[{"embeddable":true,"href":"https:\/\/pacojordan.com\/index.php?rest_route=\/wp\/v2\/users\/1"}],"replies":[{"embeddable":true,"href":"https:\/\/pacojordan.com\/index.php?rest_route=%2Fwp%2Fv2%2Fcomments&post=1952"}],"version-history":[{"count":4,"href":"https:\/\/pacojordan.com\/index.php?rest_route=\/wp\/v2\/posts\/1952\/revisions"}],"predecessor-version":[{"id":2501,"href":"https:\/\/pacojordan.com\/index.php?rest_route=\/wp\/v2\/posts\/1952\/revisions\/2501"}],"wp:featuredmedia":[{"embeddable":true,"href":"https:\/\/pacojordan.com\/index.php?rest_route=\/wp\/v2\/media\/1953"}],"wp:attachment":[{"href":"https:\/\/pacojordan.com\/index.php?rest_route=%2Fwp%2Fv2%2Fmedia&parent=1952"}],"wp:term":[{"taxonomy":"category","embeddable":true,"href":"https:\/\/pacojordan.com\/index.php?rest_route=%2Fwp%2Fv2%2Fcategories&post=1952"},{"taxonomy":"post_tag","embeddable":true,"href":"https:\/\/pacojordan.com\/index.php?rest_route=%2Fwp%2Fv2%2Ftags&post=1952"}],"curies":[{"name":"wp","href":"https:\/\/api.w.org\/{rel}","templated":true}]}}