{"id":2559,"date":"2024-09-18T19:11:46","date_gmt":"2024-09-18T19:11:46","guid":{"rendered":"https:\/\/pacojordan.com\/?p=2559"},"modified":"2025-11-11T15:39:17","modified_gmt":"2025-11-11T15:39:17","slug":"exposicion-colectiva-de-fotografia-de-la-asociacion-fotografica-objetivo-2-0","status":"publish","type":"post","link":"https:\/\/pacojordan.com\/?p=2559","title":{"rendered":"Exposici\u00f3n colectiva de fotograf\u00eda de la Asociaci\u00f3n fotogr\u00e1fica Objetivo 2.0"},"content":{"rendered":"<p style=\"text-align: left;\">El Lunes d\u00eda 16 se inauguro la exposici\u00f3n colectiva de la Asociaci\u00f3n Fotogr\u00e1fica de Objetivo 2.0 en la Sala Maga, La Rinconada en Sevilla.<\/p>\n<p style=\"text-align: left;\">Es un placer y un honor para mi el poder participar con mis compa\u00f1eros de Objetivo 2.0 en esta exposici\u00f3n. Tambi\u00e9n quiero dar las gracias por todo el trabajo realizado por mis compa\u00f1eros desde\u00a0 la impresi\u00f3n de las obras hasta el montaje.<\/p>\n<p><img loading=\"lazy\" class=\"aligncenter wp-image-2563 size-large\" src=\"https:\/\/pacojordan.com\/wp-content\/uploads\/2024\/09\/WhatsApp-Image-2024-09-17-at-00.59.32-1024x535.jpeg\" alt=\"\" width=\"1024\" height=\"535\" srcset=\"https:\/\/pacojordan.com\/wp-content\/uploads\/2024\/09\/WhatsApp-Image-2024-09-17-at-00.59.32-1024x535.jpeg 1024w, https:\/\/pacojordan.com\/wp-content\/uploads\/2024\/09\/WhatsApp-Image-2024-09-17-at-00.59.32-300x157.jpeg 300w, https:\/\/pacojordan.com\/wp-content\/uploads\/2024\/09\/WhatsApp-Image-2024-09-17-at-00.59.32-768x401.jpeg 768w, https:\/\/pacojordan.com\/wp-content\/uploads\/2024\/09\/WhatsApp-Image-2024-09-17-at-00.59.32-1536x803.jpeg 1536w, https:\/\/pacojordan.com\/wp-content\/uploads\/2024\/09\/WhatsApp-Image-2024-09-17-at-00.59.32.jpeg 1600w\" sizes=\"(max-width: 1024px) 100vw, 1024px\" \/><\/p>\n<p class=\"sinopsis\" style=\"text-align: left;\">Hasta el 30 de septiembre se puede visitar esta muestra que re\u00fane alrededor de 120 fotograf\u00edas de naturaleza, retratos, arquitectura, viajes o creativas\u00a0 de 43 fot\u00f3grafos que pertenecen a este colectivo.<\/p>\n<p><img loading=\"lazy\" class=\"aligncenter wp-image-2567 size-large\" src=\"https:\/\/pacojordan.com\/wp-content\/uploads\/2024\/09\/WhatsApp-Image-2024-09-16-at-16.16.25-1024x251.jpeg\" alt=\"\" width=\"1024\" height=\"251\" srcset=\"https:\/\/pacojordan.com\/wp-content\/uploads\/2024\/09\/WhatsApp-Image-2024-09-16-at-16.16.25-1024x251.jpeg 1024w, https:\/\/pacojordan.com\/wp-content\/uploads\/2024\/09\/WhatsApp-Image-2024-09-16-at-16.16.25-300x74.jpeg 300w, https:\/\/pacojordan.com\/wp-content\/uploads\/2024\/09\/WhatsApp-Image-2024-09-16-at-16.16.25-768x188.jpeg 768w, https:\/\/pacojordan.com\/wp-content\/uploads\/2024\/09\/WhatsApp-Image-2024-09-16-at-16.16.25-1536x376.jpeg 1536w, https:\/\/pacojordan.com\/wp-content\/uploads\/2024\/09\/WhatsApp-Image-2024-09-16-at-16.16.25.jpeg 1600w\" sizes=\"(max-width: 1024px) 100vw, 1024px\" \/><\/p>\n<div class=\"texto redactor-editor\">\n<p class=\"text-justify\" style=\"text-align: left;\">La inauguraci\u00f3n de la muestra ha contado con la I Teniente de Alcalde y delegada de Cultura, Raquel Vega, la presidenta de la asociaci\u00f3n Mar\u00eda Luisa \u00c1gueda, as\u00ed como participantes en la exposici\u00f3n y p\u00fablico en general.<\/p>\n<p><img loading=\"lazy\" class=\"aligncenter wp-image-2566 size-large\" src=\"https:\/\/pacojordan.com\/wp-content\/uploads\/2024\/09\/WhatsApp-Image-2024-09-16-at-18.26.27-1024x768.jpeg\" alt=\"\" width=\"1024\" height=\"768\" srcset=\"https:\/\/pacojordan.com\/wp-content\/uploads\/2024\/09\/WhatsApp-Image-2024-09-16-at-18.26.27-1024x768.jpeg 1024w, https:\/\/pacojordan.com\/wp-content\/uploads\/2024\/09\/WhatsApp-Image-2024-09-16-at-18.26.27-300x225.jpeg 300w, https:\/\/pacojordan.com\/wp-content\/uploads\/2024\/09\/WhatsApp-Image-2024-09-16-at-18.26.27-768x576.jpeg 768w, https:\/\/pacojordan.com\/wp-content\/uploads\/2024\/09\/WhatsApp-Image-2024-09-16-at-18.26.27-1536x1152.jpeg 1536w, https:\/\/pacojordan.com\/wp-content\/uploads\/2024\/09\/WhatsApp-Image-2024-09-16-at-18.26.27.jpeg 2016w\" sizes=\"(max-width: 1024px) 100vw, 1024px\" \/><\/p>\n<p>&nbsp;<\/p>\n<p>&nbsp;<\/p>\n<\/div>\n<p>&nbsp;<\/p>\n","protected":false},"excerpt":{"rendered":"<p>El Lunes d\u00eda 16 se inauguro la exposici\u00f3n colectiva de la Asociaci\u00f3n Fotogr\u00e1fica de Objetivo &hellip;<\/p>\n<p class=\"read-more\"> <a class=\"\" href=\"https:\/\/pacojordan.com\/?p=2559\"> <span class=\"screen-reader-text\">Exposici\u00f3n colectiva de fotograf\u00eda de la Asociaci\u00f3n fotogr\u00e1fica Objetivo 2.0<\/span> Leer m\u00e1s \u00bb<\/a><\/p>\n","protected":false},"author":1,"featured_media":2561,"comment_status":"closed","ping_status":"open","sticky":false,"template":"","format":"standard","meta":[],"categories":[12],"tags":[],"_links":{"self":[{"href":"https:\/\/pacojordan.com\/index.php?rest_route=\/wp\/v2\/posts\/2559"}],"collection":[{"href":"https:\/\/pacojordan.com\/index.php?rest_route=\/wp\/v2\/posts"}],"about":[{"href":"https:\/\/pacojordan.com\/index.php?rest_route=\/wp\/v2\/types\/post"}],"author":[{"embeddable":true,"href":"https:\/\/pacojordan.com\/index.php?rest_route=\/wp\/v2\/users\/1"}],"replies":[{"embeddable":true,"href":"https:\/\/pacojordan.com\/index.php?rest_route=%2Fwp%2Fv2%2Fcomments&post=2559"}],"version-history":[{"count":8,"href":"https:\/\/pacojordan.com\/index.php?rest_route=\/wp\/v2\/posts\/2559\/revisions"}],"predecessor-version":[{"id":2571,"href":"https:\/\/pacojordan.com\/index.php?rest_route=\/wp\/v2\/posts\/2559\/revisions\/2571"}],"wp:featuredmedia":[{"embeddable":true,"href":"https:\/\/pacojordan.com\/index.php?rest_route=\/wp\/v2\/media\/2561"}],"wp:attachment":[{"href":"https:\/\/pacojordan.com\/index.php?rest_route=%2Fwp%2Fv2%2Fmedia&parent=2559"}],"wp:term":[{"taxonomy":"category","embeddable":true,"href":"https:\/\/pacojordan.com\/index.php?rest_route=%2Fwp%2Fv2%2Fcategories&post=2559"},{"taxonomy":"post_tag","embeddable":true,"href":"https:\/\/pacojordan.com\/index.php?rest_route=%2Fwp%2Fv2%2Ftags&post=2559"}],"curies":[{"name":"wp","href":"https:\/\/api.w.org\/{rel}","templated":true}]}}