{"id":2576,"date":"2024-12-08T18:28:50","date_gmt":"2024-12-08T18:28:50","guid":{"rendered":"https:\/\/pacojordan.com\/?p=2576"},"modified":"2025-11-11T15:39:17","modified_gmt":"2025-11-11T15:39:17","slug":"inauguracion-exposicion-colectiva-objetivo-2-0-interclub-psa","status":"publish","type":"post","link":"https:\/\/pacojordan.com\/?p=2576","title":{"rendered":"Inauguraci\u00f3n Exposici\u00f3n colectiva Objetivo 2.0 InterClub PSA"},"content":{"rendered":"<p>Una vez mas tengo el placer de comunicaros de poder participar con mis compa\u00f1eros de Objetivo 2.0 en la exposici\u00f3n Interclub 2024 de la PSA (Photographic Sociaty of Am\u00e9rica.) La inauguraci\u00f3n se hizo el Mi\u00e9rcoles d\u00eda 4 de Diciembre a las 18:30\u00a0 en la sede de la RTVA en la isla de la cartuja. La exposici\u00f3n a parte de estar patrocinada por la PSA tambi\u00e9n lo esta por la Federaci\u00f3n Andaluza de fotograf\u00eda y Confederaci\u00f3n Espa\u00f1ola. En la exposici\u00f3n hemos participado 34 autores con un total de 102 fotograf\u00edas expuestas repartidas en cinco secciones (<strong>color, monocromo, naturaleza, fotoperiodismo y viajes<\/strong>). La exposici\u00f3n estar\u00e1 en la sede de Radio Televisi\u00f3n Andaluza hasta \u00a0el 10 de enero de 9 a 20:30. Como siempre agradecer la labor de mis compa\u00f1eros en la organizaci\u00f3n de esta exposici\u00f3n. Abajo foto con la que participo en la exposici\u00f3n.<\/p>\n<p>&nbsp;<\/p>\n<p><img loading=\"lazy\" class=\"alignnone wp-image-2578 size-full\" src=\"https:\/\/pacojordan.com\/wp-content\/uploads\/2024\/12\/Trabajador-NY-Expo-Objetivo-2.0.jpg\" alt=\"\" width=\"1080\" height=\"750\" srcset=\"https:\/\/pacojordan.com\/wp-content\/uploads\/2024\/12\/Trabajador-NY-Expo-Objetivo-2.0.jpg 1080w, https:\/\/pacojordan.com\/wp-content\/uploads\/2024\/12\/Trabajador-NY-Expo-Objetivo-2.0-300x208.jpg 300w, https:\/\/pacojordan.com\/wp-content\/uploads\/2024\/12\/Trabajador-NY-Expo-Objetivo-2.0-1024x711.jpg 1024w, https:\/\/pacojordan.com\/wp-content\/uploads\/2024\/12\/Trabajador-NY-Expo-Objetivo-2.0-768x533.jpg 768w\" sizes=\"(max-width: 1080px) 100vw, 1080px\" \/><\/p>\n<p>&nbsp;<\/p>\n","protected":false},"excerpt":{"rendered":"<p>Una vez mas tengo el placer de comunicaros de poder participar con mis compa\u00f1eros de &hellip;<\/p>\n<p class=\"read-more\"> <a class=\"\" href=\"https:\/\/pacojordan.com\/?p=2576\"> <span class=\"screen-reader-text\">Inauguraci\u00f3n Exposici\u00f3n colectiva Objetivo 2.0 InterClub PSA<\/span> Leer m\u00e1s \u00bb<\/a><\/p>\n","protected":false},"author":1,"featured_media":2577,"comment_status":"closed","ping_status":"open","sticky":false,"template":"","format":"standard","meta":[],"categories":[12],"tags":[],"_links":{"self":[{"href":"https:\/\/pacojordan.com\/index.php?rest_route=\/wp\/v2\/posts\/2576"}],"collection":[{"href":"https:\/\/pacojordan.com\/index.php?rest_route=\/wp\/v2\/posts"}],"about":[{"href":"https:\/\/pacojordan.com\/index.php?rest_route=\/wp\/v2\/types\/post"}],"author":[{"embeddable":true,"href":"https:\/\/pacojordan.com\/index.php?rest_route=\/wp\/v2\/users\/1"}],"replies":[{"embeddable":true,"href":"https:\/\/pacojordan.com\/index.php?rest_route=%2Fwp%2Fv2%2Fcomments&post=2576"}],"version-history":[{"count":2,"href":"https:\/\/pacojordan.com\/index.php?rest_route=\/wp\/v2\/posts\/2576\/revisions"}],"predecessor-version":[{"id":2580,"href":"https:\/\/pacojordan.com\/index.php?rest_route=\/wp\/v2\/posts\/2576\/revisions\/2580"}],"wp:featuredmedia":[{"embeddable":true,"href":"https:\/\/pacojordan.com\/index.php?rest_route=\/wp\/v2\/media\/2577"}],"wp:attachment":[{"href":"https:\/\/pacojordan.com\/index.php?rest_route=%2Fwp%2Fv2%2Fmedia&parent=2576"}],"wp:term":[{"taxonomy":"category","embeddable":true,"href":"https:\/\/pacojordan.com\/index.php?rest_route=%2Fwp%2Fv2%2Fcategories&post=2576"},{"taxonomy":"post_tag","embeddable":true,"href":"https:\/\/pacojordan.com\/index.php?rest_route=%2Fwp%2Fv2%2Ftags&post=2576"}],"curies":[{"name":"wp","href":"https:\/\/api.w.org\/{rel}","templated":true}]}}