{"id":2595,"date":"2025-09-25T17:59:31","date_gmt":"2025-09-25T17:59:31","guid":{"rendered":"https:\/\/pacojordan.com\/?p=2595"},"modified":"2025-11-11T15:39:16","modified_gmt":"2025-11-11T15:39:16","slug":"exposicion-spain-members-photographic-society-of-america","status":"publish","type":"post","link":"https:\/\/pacojordan.com\/?p=2595","title":{"rendered":"Exposici\u00f3n Spain members (Photographic Society of America) en Igualada (Barcelona)"},"content":{"rendered":"\t\t<div data-elementor-type=\"wp-post\" data-elementor-id=\"2595\" class=\"elementor elementor-2595\" data-elementor-settings=\"[]\">\n\t\t\t<div class=\"elementor-inner\">\n\t\t\t\t<div class=\"elementor-section-wrap\">\n\t\t\t\t\t\t\t<section class=\"elementor-element elementor-element-f9cd8f5 elementor-section-boxed elementor-section-height-default elementor-section-height-default elementor-section elementor-top-section\" data-id=\"f9cd8f5\" data-element_type=\"section\">\n\t\t\t\t\t\t<div class=\"elementor-container elementor-column-gap-default\">\n\t\t\t\t<div class=\"elementor-row\">\n\t\t\t\t<div class=\"elementor-element elementor-element-1fbba63 elementor-column elementor-col-100 elementor-top-column\" data-id=\"1fbba63\" data-element_type=\"column\">\n\t\t\t<div class=\"elementor-column-wrap  elementor-element-populated\">\n\t\t\t\t\t<div class=\"elementor-widget-wrap\">\n\t\t\t\t<div class=\"elementor-element elementor-element-05e8c3c elementor-widget elementor-widget-text-editor\" data-id=\"05e8c3c\" data-element_type=\"widget\" data-widget_type=\"text-editor.default\">\n\t\t\t\t<div class=\"elementor-widget-container\">\n\t\t\t\t\t<div class=\"elementor-text-editor elementor-clearfix\"><p>Con gran ilusi\u00f3n presentamos la primera exposici\u00f3n de socios espa\u00f1oles de la PSA &#8211; Spain members (Photographic Society of America). A traves de l,Agrupaci\u00f3 Fotogr\u00e1fica de Igualada &#8211; AFI.<\/p><p>La inaguraci\u00f3n fue el s\u00e1bado d\u00eda 30 de Septiembre\u00a0 en la Sala d\u00b4Exposicions Mont \u00c1gora en el passeig Cataluya s\/n &#8211; Santa Margarida de Montbui.<\/p><\/div>\n\t\t\t\t<\/div>\n\t\t\t\t<\/div>\n\t\t\t\t\t\t<\/div>\n\t\t\t<\/div>\n\t\t<\/div>\n\t\t\t\t\t\t<\/div>\n\t\t\t<\/div>\n\t\t<\/section>\n\t\t\t\t<section class=\"elementor-element elementor-element-7562605 elementor-section-boxed elementor-section-height-default elementor-section-height-default elementor-section elementor-top-section\" data-id=\"7562605\" data-element_type=\"section\">\n\t\t\t\t\t\t<div class=\"elementor-container elementor-column-gap-default\">\n\t\t\t\t<div class=\"elementor-row\">\n\t\t\t\t<div class=\"elementor-element elementor-element-e85e5c0 elementor-column elementor-col-100 elementor-top-column\" data-id=\"e85e5c0\" data-element_type=\"column\">\n\t\t\t<div class=\"elementor-column-wrap  elementor-element-populated\">\n\t\t\t\t\t<div class=\"elementor-widget-wrap\">\n\t\t\t\t<div class=\"elementor-element elementor-element-c7a106b elementor-widget elementor-widget-text-editor\" data-id=\"c7a106b\" data-element_type=\"widget\" data-widget_type=\"text-editor.default\">\n\t\t\t\t<div class=\"elementor-widget-container\">\n\t\t\t\t\t<div class=\"elementor-text-editor elementor-clearfix\"><p>La muestra re\u00fane una cuidada selecci\u00f3n de 31 obras de fot\u00f3grafos del \u00e1mbito nacional, con estilos que abarcan desde el retrato, la arquitectura, el paisaje, la naturaleza o la fotograf\u00eda de viaje, el desnudo, hasta propuestas creativas y en 3D. Una exposici\u00f3n plural y din\u00e1mica que refleja la riqueza art\u00edstica y la diversidad de miradas de los socios espa\u00f1oles de la PSA.<\/p><p>Con car\u00e1cter itinerante, recorrer\u00e1 diferentes espacios culturales gracias a la colaboraci\u00f3n de agrupaciones, centros y entidades comprometidas con la difusi\u00f3n del arte fotogr\u00e1fico.<\/p><p>Los autores participantes, por orden alfab\u00e9tico, son:<\/p><div dir=\"auto\">\u00c1frica M\u00e1rquez, Ana Alfonso Beneitez, Antonio Alc\u00e1zar Ojeda, Antonio Soriano Llamazares, Arturo-Jos\u00e9 Gonz\u00e1lez Ascaso, Daniel Torras, Felipe Noguera Treg\u00f3n, Florentino Molero, Francisco Javier Fern\u00e1ndez G\u00f3mez, Francisco Javier Labarga, Francisco Jos\u00e9 L\u00f3pez, Isabel Casellas i Pl\u00e1, Joan Elias, Joan Gil Raga, Jorge Guti\u00e9rrez Fern\u00e1ndez, Jos\u00e9 D\u00edez de los R\u00edos L\u00f3pez, Jos\u00e9 Luis Ib\u00e1\u00f1ez, Josep Barber\u00e0 Mart\u00ed, Joxe Inazio Kuesta Garmendia, Juan Carlos Herv\u00e1s Mart\u00ednez, Juan Miguel Esteve, Manel Puigcerver, Mar Biosca Rabanaque, Paco Jord\u00e1n, Rafa de Vicente, Rafael Pleguezuelos Gonz\u00e1lez, Ram\u00f3n Mascar\u00f3 Seuba, Robert Dom\u00ednguez Oliv\u00e9, Rub\u00e9n V\u00e1zquez Trujillo, Salvador Atance, Santos Moreno Villar.<\/div><\/div>\n\t\t\t\t<\/div>\n\t\t\t\t<\/div>\n\t\t\t\t\t\t<\/div>\n\t\t\t<\/div>\n\t\t<\/div>\n\t\t\t\t\t\t<\/div>\n\t\t\t<\/div>\n\t\t<\/section>\n\t\t\t\t<section class=\"elementor-element elementor-element-01e663d elementor-section-boxed elementor-section-height-default elementor-section-height-default elementor-section elementor-top-section\" data-id=\"01e663d\" data-element_type=\"section\">\n\t\t\t\t\t\t<div class=\"elementor-container elementor-column-gap-default\">\n\t\t\t\t<div class=\"elementor-row\">\n\t\t\t\t<div class=\"elementor-element elementor-element-9c1bf4d elementor-column elementor-col-50 elementor-top-column\" data-id=\"9c1bf4d\" data-element_type=\"column\">\n\t\t\t<div class=\"elementor-column-wrap  elementor-element-populated\">\n\t\t\t\t\t<div class=\"elementor-widget-wrap\">\n\t\t\t\t<div class=\"elementor-element elementor-element-0cda9df elementor-widget elementor-widget-image\" data-id=\"0cda9df\" data-element_type=\"widget\" data-widget_type=\"image.default\">\n\t\t\t\t<div class=\"elementor-widget-container\">\n\t\t\t\t\t<div class=\"elementor-image\">\n\t\t\t\t\t\t\t\t\t\t<img width=\"936\" height=\"700\" src=\"https:\/\/pacojordan.com\/wp-content\/uploads\/2025\/09\/foto-2.jpg\" class=\"attachment-large size-large\" alt=\"\" loading=\"lazy\" srcset=\"https:\/\/pacojordan.com\/wp-content\/uploads\/2025\/09\/foto-2.jpg 936w, https:\/\/pacojordan.com\/wp-content\/uploads\/2025\/09\/foto-2-300x224.jpg 300w, https:\/\/pacojordan.com\/wp-content\/uploads\/2025\/09\/foto-2-768x574.jpg 768w\" sizes=\"(max-width: 936px) 100vw, 936px\" \/>\t\t\t\t\t\t\t\t\t\t\t<\/div>\n\t\t\t\t<\/div>\n\t\t\t\t<\/div>\n\t\t\t\t\t\t<\/div>\n\t\t\t<\/div>\n\t\t<\/div>\n\t\t\t\t<div class=\"elementor-element elementor-element-3b00e54 elementor-column elementor-col-50 elementor-top-column\" data-id=\"3b00e54\" data-element_type=\"column\">\n\t\t\t<div class=\"elementor-column-wrap  elementor-element-populated\">\n\t\t\t\t\t<div class=\"elementor-widget-wrap\">\n\t\t\t\t<div class=\"elementor-element elementor-element-f573886 elementor-widget elementor-widget-image\" data-id=\"f573886\" data-element_type=\"widget\" data-widget_type=\"image.default\">\n\t\t\t\t<div class=\"elementor-widget-container\">\n\t\t\t\t\t<div class=\"elementor-image\">\n\t\t\t\t\t\t\t\t\t\t<img width=\"940\" height=\"703\" src=\"https:\/\/pacojordan.com\/wp-content\/uploads\/2025\/09\/foto-1.jpg\" class=\"attachment-large size-large\" alt=\"\" loading=\"lazy\" srcset=\"https:\/\/pacojordan.com\/wp-content\/uploads\/2025\/09\/foto-1.jpg 940w, https:\/\/pacojordan.com\/wp-content\/uploads\/2025\/09\/foto-1-300x224.jpg 300w, https:\/\/pacojordan.com\/wp-content\/uploads\/2025\/09\/foto-1-768x574.jpg 768w\" sizes=\"(max-width: 940px) 100vw, 940px\" \/>\t\t\t\t\t\t\t\t\t\t\t<\/div>\n\t\t\t\t<\/div>\n\t\t\t\t<\/div>\n\t\t\t\t\t\t<\/div>\n\t\t\t<\/div>\n\t\t<\/div>\n\t\t\t\t\t\t<\/div>\n\t\t\t<\/div>\n\t\t<\/section>\n\t\t\t\t<section class=\"elementor-element elementor-element-e603f4f elementor-section-boxed elementor-section-height-default elementor-section-height-default elementor-section elementor-top-section\" data-id=\"e603f4f\" data-element_type=\"section\">\n\t\t\t\t\t\t<div class=\"elementor-container elementor-column-gap-default\">\n\t\t\t\t<div class=\"elementor-row\">\n\t\t\t\t<div class=\"elementor-element elementor-element-677c075 elementor-column elementor-col-50 elementor-top-column\" data-id=\"677c075\" data-element_type=\"column\">\n\t\t\t<div class=\"elementor-column-wrap  elementor-element-populated\">\n\t\t\t\t\t<div class=\"elementor-widget-wrap\">\n\t\t\t\t<div class=\"elementor-element elementor-element-141c93d elementor-widget elementor-widget-image\" data-id=\"141c93d\" data-element_type=\"widget\" data-widget_type=\"image.default\">\n\t\t\t\t<div class=\"elementor-widget-container\">\n\t\t\t\t\t<div class=\"elementor-image\">\n\t\t\t\t\t\t\t\t\t\t<img width=\"1024\" height=\"573\" src=\"https:\/\/pacojordan.com\/wp-content\/uploads\/2025\/09\/foto-expo-3-1024x573.jpg\" class=\"attachment-large size-large\" alt=\"\" loading=\"lazy\" srcset=\"https:\/\/pacojordan.com\/wp-content\/uploads\/2025\/09\/foto-expo-3-1024x573.jpg 1024w, https:\/\/pacojordan.com\/wp-content\/uploads\/2025\/09\/foto-expo-3-300x168.jpg 300w, https:\/\/pacojordan.com\/wp-content\/uploads\/2025\/09\/foto-expo-3-768x429.jpg 768w, https:\/\/pacojordan.com\/wp-content\/uploads\/2025\/09\/foto-expo-3.jpg 1300w\" sizes=\"(max-width: 1024px) 100vw, 1024px\" \/>\t\t\t\t\t\t\t\t\t\t\t<\/div>\n\t\t\t\t<\/div>\n\t\t\t\t<\/div>\n\t\t\t\t\t\t<\/div>\n\t\t\t<\/div>\n\t\t<\/div>\n\t\t\t\t<div class=\"elementor-element elementor-element-99d6ca3 elementor-column elementor-col-50 elementor-top-column\" data-id=\"99d6ca3\" data-element_type=\"column\">\n\t\t\t<div class=\"elementor-column-wrap  elementor-element-populated\">\n\t\t\t\t\t<div class=\"elementor-widget-wrap\">\n\t\t\t\t<div class=\"elementor-element elementor-element-7225baa elementor-widget elementor-widget-text-editor\" data-id=\"7225baa\" data-element_type=\"widget\" data-widget_type=\"text-editor.default\">\n\t\t\t\t<div class=\"elementor-widget-container\">\n\t\t\t\t\t<div class=\"elementor-text-editor elementor-clearfix\"><p>La inaguraci\u00f3n fue presentada a cargo de el presidente de l\u00b4Agrupaci\u00f3 Fotogr\u00e1fica d\u00b4Igualada y la Concejala de Cultura del Ayuntamiento de Santa Margarida de Montbui, Sara Berganti\u00f1o.<\/p><\/div>\n\t\t\t\t<\/div>\n\t\t\t\t<\/div>\n\t\t\t\t\t\t<\/div>\n\t\t\t<\/div>\n\t\t<\/div>\n\t\t\t\t\t\t<\/div>\n\t\t\t<\/div>\n\t\t<\/section>\n\t\t\t\t<section class=\"elementor-element elementor-element-ffe5f3d elementor-section-boxed elementor-section-height-default elementor-section-height-default elementor-section elementor-top-section\" data-id=\"ffe5f3d\" data-element_type=\"section\">\n\t\t\t\t\t\t<div class=\"elementor-container elementor-column-gap-default\">\n\t\t\t\t<div class=\"elementor-row\">\n\t\t\t\t<div class=\"elementor-element elementor-element-82eb218 elementor-column elementor-col-100 elementor-top-column\" data-id=\"82eb218\" data-element_type=\"column\">\n\t\t\t<div class=\"elementor-column-wrap  elementor-element-populated\">\n\t\t\t\t\t<div class=\"elementor-widget-wrap\">\n\t\t\t\t<div class=\"elementor-element elementor-element-51da2e5 elementor-widget elementor-widget-image\" data-id=\"51da2e5\" data-element_type=\"widget\" data-widget_type=\"image.default\">\n\t\t\t\t<div class=\"elementor-widget-container\">\n\t\t\t\t\t<div class=\"elementor-image\">\n\t\t\t\t\t\t\t\t\t\t<img width=\"670\" height=\"953\" src=\"https:\/\/pacojordan.com\/wp-content\/uploads\/2025\/09\/periodico.jpg\" class=\"attachment-large size-large\" alt=\"\" loading=\"lazy\" srcset=\"https:\/\/pacojordan.com\/wp-content\/uploads\/2025\/09\/periodico.jpg 670w, https:\/\/pacojordan.com\/wp-content\/uploads\/2025\/09\/periodico-211x300.jpg 211w\" sizes=\"(max-width: 670px) 100vw, 670px\" \/>\t\t\t\t\t\t\t\t\t\t\t<\/div>\n\t\t\t\t<\/div>\n\t\t\t\t<\/div>\n\t\t\t\t\t\t<\/div>\n\t\t\t<\/div>\n\t\t<\/div>\n\t\t\t\t\t\t<\/div>\n\t\t\t<\/div>\n\t\t<\/section>\n\t\t\t\t\t\t<\/div>\n\t\t\t<\/div>\n\t\t<\/div>\n\t\t","protected":false},"excerpt":{"rendered":"<p>Con gran ilusi\u00f3n presentamos la primera exposici\u00f3n de socios espa\u00f1oles de la PSA &#8211; Spain &hellip;<\/p>\n<p class=\"read-more\"> <a class=\"\" href=\"https:\/\/pacojordan.com\/?p=2595\"> <span class=\"screen-reader-text\">Exposici\u00f3n Spain members (Photographic Society of America) en Igualada (Barcelona)<\/span> Leer m\u00e1s \u00bb<\/a><\/p>\n","protected":false},"author":1,"featured_media":2596,"comment_status":"closed","ping_status":"open","sticky":false,"template":"","format":"standard","meta":[],"categories":[1],"tags":[],"_links":{"self":[{"href":"https:\/\/pacojordan.com\/index.php?rest_route=\/wp\/v2\/posts\/2595"}],"collection":[{"href":"https:\/\/pacojordan.com\/index.php?rest_route=\/wp\/v2\/posts"}],"about":[{"href":"https:\/\/pacojordan.com\/index.php?rest_route=\/wp\/v2\/types\/post"}],"author":[{"embeddable":true,"href":"https:\/\/pacojordan.com\/index.php?rest_route=\/wp\/v2\/users\/1"}],"replies":[{"embeddable":true,"href":"https:\/\/pacojordan.com\/index.php?rest_route=%2Fwp%2Fv2%2Fcomments&post=2595"}],"version-history":[{"count":6,"href":"https:\/\/pacojordan.com\/index.php?rest_route=\/wp\/v2\/posts\/2595\/revisions"}],"predecessor-version":[{"id":2613,"href":"https:\/\/pacojordan.com\/index.php?rest_route=\/wp\/v2\/posts\/2595\/revisions\/2613"}],"wp:featuredmedia":[{"embeddable":true,"href":"https:\/\/pacojordan.com\/index.php?rest_route=\/wp\/v2\/media\/2596"}],"wp:attachment":[{"href":"https:\/\/pacojordan.com\/index.php?rest_route=%2Fwp%2Fv2%2Fmedia&parent=2595"}],"wp:term":[{"taxonomy":"category","embeddable":true,"href":"https:\/\/pacojordan.com\/index.php?rest_route=%2Fwp%2Fv2%2Fcategories&post=2595"},{"taxonomy":"post_tag","embeddable":true,"href":"https:\/\/pacojordan.com\/index.php?rest_route=%2Fwp%2Fv2%2Ftags&post=2595"}],"curies":[{"name":"wp","href":"https:\/\/api.w.org\/{rel}","templated":true}]}}