{"id":2628,"date":"2025-11-11T15:20:09","date_gmt":"2025-11-11T15:20:09","guid":{"rendered":"https:\/\/pacojordan.com\/?p=2628"},"modified":"2025-11-11T15:39:16","modified_gmt":"2025-11-11T15:39:16","slug":"exposicion-spain-members-photographic-society-of-america-en-almenara-castellon","status":"publish","type":"post","link":"https:\/\/pacojordan.com\/?p=2628","title":{"rendered":"Exposici\u00f3n Spain members (Photographic Society of America) en Almenara (Castell\u00f3n)"},"content":{"rendered":"\t\t<div data-elementor-type=\"wp-post\" data-elementor-id=\"2628\" class=\"elementor elementor-2628\" data-elementor-settings=\"[]\">\n\t\t\t<div class=\"elementor-inner\">\n\t\t\t\t<div class=\"elementor-section-wrap\">\n\t\t\t\t\t\t\t<section class=\"elementor-element elementor-element-c5ebc70 elementor-section-boxed elementor-section-height-default elementor-section-height-default elementor-section elementor-top-section\" data-id=\"c5ebc70\" data-element_type=\"section\">\n\t\t\t\t\t\t<div class=\"elementor-container elementor-column-gap-default\">\n\t\t\t\t<div class=\"elementor-row\">\n\t\t\t\t<div class=\"elementor-element elementor-element-dcec3d6 elementor-column elementor-col-100 elementor-top-column\" data-id=\"dcec3d6\" data-element_type=\"column\">\n\t\t\t<div class=\"elementor-column-wrap  elementor-element-populated\">\n\t\t\t\t\t<div class=\"elementor-widget-wrap\">\n\t\t\t\t<div class=\"elementor-element elementor-element-8f36032 elementor-widget elementor-widget-text-editor\" data-id=\"8f36032\" data-element_type=\"widget\" data-widget_type=\"text-editor.default\">\n\t\t\t\t<div class=\"elementor-widget-container\">\n\t\t\t\t\t<div class=\"elementor-text-editor elementor-clearfix\"><p>El pasado viernes 7 de noviembre tuvimos el honor y la satisfacci\u00f3n de presentar nuestra exposici\u00f3n colectiva \u201cPSA Spain Members\u201d en el Centre Municipal de Cultura \u201cPaulo Freire\u201d de AlmenaraOrganizada en colaboraci\u00f3n con el Grup Fotogr\u00e0fic d\u00b4Almenara.<\/p><div dir=\"auto\"><p>Centre Municipal de Cultura &#8220;Paulo Freire&#8221;, C\/Major 103, Almenara.<\/p><div dir=\"auto\">\u00a0Del 6 al 28 de noviembre<\/div><div dir=\"auto\">\u00a0Inauguraci\u00f3n: viernes 7 de noviembre a las 19:30 h.<\/div><div dir=\"auto\"><div dir=\"auto\">\u00a0<\/div><\/div><\/div><div dir=\"auto\">\u00a0<\/div><div dir=\"auto\">\u00a0<\/div><\/div>\n\t\t\t\t<\/div>\n\t\t\t\t<\/div>\n\t\t\t\t\t\t<\/div>\n\t\t\t<\/div>\n\t\t<\/div>\n\t\t\t\t\t\t<\/div>\n\t\t\t<\/div>\n\t\t<\/section>\n\t\t\t\t<section class=\"elementor-element elementor-element-21f1912 elementor-section-boxed elementor-section-height-default elementor-section-height-default elementor-section elementor-top-section\" data-id=\"21f1912\" data-element_type=\"section\">\n\t\t\t\t\t\t<div class=\"elementor-container elementor-column-gap-default\">\n\t\t\t\t<div class=\"elementor-row\">\n\t\t\t\t<div class=\"elementor-element elementor-element-bdb02f2 elementor-column elementor-col-100 elementor-top-column\" data-id=\"bdb02f2\" data-element_type=\"column\">\n\t\t\t<div class=\"elementor-column-wrap  elementor-element-populated\">\n\t\t\t\t\t<div class=\"elementor-widget-wrap\">\n\t\t\t\t<div class=\"elementor-element elementor-element-ccfc5aa elementor-widget elementor-widget-image\" data-id=\"ccfc5aa\" data-element_type=\"widget\" data-widget_type=\"image.default\">\n\t\t\t\t<div class=\"elementor-widget-container\">\n\t\t\t\t\t<div class=\"elementor-image\">\n\t\t\t\t\t\t\t\t\t\t<img width=\"1024\" height=\"885\" src=\"https:\/\/pacojordan.com\/wp-content\/uploads\/2025\/11\/foto-1-1024x885.jpg\" class=\"attachment-large size-large\" alt=\"\" loading=\"lazy\" srcset=\"https:\/\/pacojordan.com\/wp-content\/uploads\/2025\/11\/foto-1-1024x885.jpg 1024w, https:\/\/pacojordan.com\/wp-content\/uploads\/2025\/11\/foto-1-300x259.jpg 300w, https:\/\/pacojordan.com\/wp-content\/uploads\/2025\/11\/foto-1-768x664.jpg 768w, https:\/\/pacojordan.com\/wp-content\/uploads\/2025\/11\/foto-1.jpg 1041w\" sizes=\"(max-width: 1024px) 100vw, 1024px\" \/>\t\t\t\t\t\t\t\t\t\t\t<\/div>\n\t\t\t\t<\/div>\n\t\t\t\t<\/div>\n\t\t\t\t\t\t<\/div>\n\t\t\t<\/div>\n\t\t<\/div>\n\t\t\t\t\t\t<\/div>\n\t\t\t<\/div>\n\t\t<\/section>\n\t\t\t\t<section class=\"elementor-element elementor-element-5834826 elementor-section-boxed elementor-section-height-default elementor-section-height-default elementor-section elementor-top-section\" data-id=\"5834826\" data-element_type=\"section\">\n\t\t\t\t\t\t<div class=\"elementor-container elementor-column-gap-default\">\n\t\t\t\t<div class=\"elementor-row\">\n\t\t\t\t<div class=\"elementor-element elementor-element-36605e6 elementor-column elementor-col-100 elementor-top-column\" data-id=\"36605e6\" data-element_type=\"column\">\n\t\t\t<div class=\"elementor-column-wrap  elementor-element-populated\">\n\t\t\t\t\t<div class=\"elementor-widget-wrap\">\n\t\t\t\t<div class=\"elementor-element elementor-element-db9653f elementor-widget elementor-widget-text-editor\" data-id=\"db9653f\" data-element_type=\"widget\" data-widget_type=\"text-editor.default\">\n\t\t\t\t<div class=\"elementor-widget-container\">\n\t\t\t\t\t<div class=\"elementor-text-editor elementor-clearfix\"><p>Al acto asisti\u00f3 un numeroso p\u00fablico, compuesto tanto por socios del GFAL como por representantes de distintas entidades fotogr\u00e1ficas. Entre ellos, el presidente de la Federaci\u00f3n Levantina de Fotograf\u00eda, Juan Miguel Esteve; el presidente del Grup Fotogr\u00e0fic d\u00b4Almenara, Fernando Falc\u00f3; y los presidentes de asociaciones vecinas: <span class=\"html-span xdj266r x14z9mp xat24cr x1lziwak xexx8yu xyri2b x18d9i69 x1c1uobl x1hl2dhg x16tdsg8 x1vvkbs\"><a class=\"x1i10hfl xjbqb8w x1ejq31n x18oe1m7 x1sy0etr xstzfhl x972fbf x10w94by x1qhh985 x14e42zd x9f619 x1ypdohk xt0psk2 x3ct3a4 xdj266r x14z9mp xat24cr x1lziwak xexx8yu xyri2b x18d9i69 x1c1uobl x16tdsg8 x1hl2dhg xggy1nq x1a2a7pz xkrqix3 x1sur9pj x1fey0fg x1s688f\" tabindex=\"0\" role=\"link\" href=\"https:\/\/www.facebook.com\/nelo4848?__cft__[0]=AZVxia6sr9ywKEFEsQl-ORuWCVv88NS0OBNVFTiIzAV_q9HEY3v-uUuG0n1g8IPzf4GTIeOGPaEazM0YumQkaWEFF7YxCOtKdMw4DCNfEwrd_ZBH7g_O4llx-DKfgmf_JlI&amp;__tn__=-]K-R\"><span class=\"xt0psk2\"><span class=\"xjp7ctv\">Manuel Catalan Catalan<\/span><\/span><\/a><\/span>, del Col\u00b7lectiu F\/4 de la Vall d\u2019Uix\u00f3; <span class=\"html-span xdj266r x14z9mp xat24cr x1lziwak xexx8yu xyri2b x18d9i69 x1c1uobl x1hl2dhg x16tdsg8 x1vvkbs\"><a class=\"x1i10hfl xjbqb8w x1ejq31n x18oe1m7 x1sy0etr xstzfhl x972fbf x10w94by x1qhh985 x14e42zd x9f619 x1ypdohk xt0psk2 x3ct3a4 xdj266r x14z9mp xat24cr x1lziwak xexx8yu xyri2b x18d9i69 x1c1uobl x16tdsg8 x1hl2dhg xggy1nq x1a2a7pz xkrqix3 x1sur9pj x1fey0fg x1s688f\" tabindex=\"0\" role=\"link\" href=\"https:\/\/www.facebook.com\/jose.plasenciacivera?__cft__[0]=AZVxia6sr9ywKEFEsQl-ORuWCVv88NS0OBNVFTiIzAV_q9HEY3v-uUuG0n1g8IPzf4GTIeOGPaEazM0YumQkaWEFF7YxCOtKdMw4DCNfEwrd_ZBH7g_O4llx-DKfgmf_JlI&amp;__tn__=-]K-R\"><span class=\"xt0psk2\"><span class=\"xjp7ctv\">Jos\u00e9 Plasencia Civera<\/span><\/span><\/a><\/span>, de la Agrupaci\u00f3n Fotogr\u00e1fica de Segorbe; <span class=\"html-span xdj266r x14z9mp xat24cr x1lziwak xexx8yu xyri2b x18d9i69 x1c1uobl x1hl2dhg x16tdsg8 x1vvkbs\"><a class=\"x1i10hfl xjbqb8w x1ejq31n x18oe1m7 x1sy0etr xstzfhl x972fbf x10w94by x1qhh985 x14e42zd x9f619 x1ypdohk xt0psk2 x3ct3a4 xdj266r x14z9mp xat24cr x1lziwak xexx8yu xyri2b x18d9i69 x1c1uobl x16tdsg8 x1hl2dhg xggy1nq x1a2a7pz xkrqix3 x1sur9pj x1fey0fg x1s688f\" tabindex=\"0\" role=\"link\" href=\"https:\/\/www.facebook.com\/profile.php?id=100047779822520&amp;__cft__[0]=AZVxia6sr9ywKEFEsQl-ORuWCVv88NS0OBNVFTiIzAV_q9HEY3v-uUuG0n1g8IPzf4GTIeOGPaEazM0YumQkaWEFF7YxCOtKdMw4DCNfEwrd_ZBH7g_O4llx-DKfgmf_JlI&amp;__tn__=-]K-R\"><span class=\"xt0psk2\"><span class=\"xjp7ctv\">Pascual Lengua<\/span><\/span><\/a><\/span>, de L\u2019Art de la Llum de Onda; y Jos\u00e9 Luis Mol\u00e9s y Mamen Arn\u00e1iz, de la Agrupaci\u00f3n Fotogr\u00e1fica L\u2019Eliana Foto.<\/p><div dir=\"auto\">\u00a0<\/div><\/div>\n\t\t\t\t<\/div>\n\t\t\t\t<\/div>\n\t\t\t\t\t\t<\/div>\n\t\t\t<\/div>\n\t\t<\/div>\n\t\t\t\t\t\t<\/div>\n\t\t\t<\/div>\n\t\t<\/section>\n\t\t\t\t<section class=\"elementor-element elementor-element-2aa2fe8 elementor-section-boxed elementor-section-height-default elementor-section-height-default elementor-section elementor-top-section\" data-id=\"2aa2fe8\" data-element_type=\"section\">\n\t\t\t\t\t\t<div class=\"elementor-container elementor-column-gap-default\">\n\t\t\t\t<div class=\"elementor-row\">\n\t\t\t\t<div class=\"elementor-element elementor-element-1b1cea0 elementor-column elementor-col-100 elementor-top-column\" data-id=\"1b1cea0\" data-element_type=\"column\">\n\t\t\t<div class=\"elementor-column-wrap  elementor-element-populated\">\n\t\t\t\t\t<div class=\"elementor-widget-wrap\">\n\t\t\t\t<div class=\"elementor-element elementor-element-dc9257d elementor-widget elementor-widget-image\" data-id=\"dc9257d\" data-element_type=\"widget\" data-widget_type=\"image.default\">\n\t\t\t\t<div class=\"elementor-widget-container\">\n\t\t\t\t\t<div class=\"elementor-image\">\n\t\t\t\t\t\t\t\t\t\t<img width=\"1024\" height=\"895\" src=\"https:\/\/pacojordan.com\/wp-content\/uploads\/2025\/11\/foto-2-1024x895.jpg\" class=\"attachment-large size-large\" alt=\"\" loading=\"lazy\" srcset=\"https:\/\/pacojordan.com\/wp-content\/uploads\/2025\/11\/foto-2-1024x895.jpg 1024w, https:\/\/pacojordan.com\/wp-content\/uploads\/2025\/11\/foto-2-300x262.jpg 300w, https:\/\/pacojordan.com\/wp-content\/uploads\/2025\/11\/foto-2-768x671.jpg 768w, https:\/\/pacojordan.com\/wp-content\/uploads\/2025\/11\/foto-2.jpg 1046w\" sizes=\"(max-width: 1024px) 100vw, 1024px\" \/>\t\t\t\t\t\t\t\t\t\t\t<\/div>\n\t\t\t\t<\/div>\n\t\t\t\t<\/div>\n\t\t\t\t\t\t<\/div>\n\t\t\t<\/div>\n\t\t<\/div>\n\t\t\t\t\t\t<\/div>\n\t\t\t<\/div>\n\t\t<\/section>\n\t\t\t\t\t\t<\/div>\n\t\t\t<\/div>\n\t\t<\/div>\n\t\t","protected":false},"excerpt":{"rendered":"<p>El pasado viernes 7 de noviembre tuvimos el honor y la satisfacci\u00f3n de presentar nuestra &hellip;<\/p>\n<p class=\"read-more\"> <a class=\"\" href=\"https:\/\/pacojordan.com\/?p=2628\"> <span class=\"screen-reader-text\">Exposici\u00f3n Spain members (Photographic Society of America) en Almenara (Castell\u00f3n)<\/span> Leer m\u00e1s \u00bb<\/a><\/p>\n","protected":false},"author":1,"featured_media":2635,"comment_status":"closed","ping_status":"open","sticky":false,"template":"","format":"standard","meta":[],"categories":[12],"tags":[],"_links":{"self":[{"href":"https:\/\/pacojordan.com\/index.php?rest_route=\/wp\/v2\/posts\/2628"}],"collection":[{"href":"https:\/\/pacojordan.com\/index.php?rest_route=\/wp\/v2\/posts"}],"about":[{"href":"https:\/\/pacojordan.com\/index.php?rest_route=\/wp\/v2\/types\/post"}],"author":[{"embeddable":true,"href":"https:\/\/pacojordan.com\/index.php?rest_route=\/wp\/v2\/users\/1"}],"replies":[{"embeddable":true,"href":"https:\/\/pacojordan.com\/index.php?rest_route=%2Fwp%2Fv2%2Fcomments&post=2628"}],"version-history":[{"count":3,"href":"https:\/\/pacojordan.com\/index.php?rest_route=\/wp\/v2\/posts\/2628\/revisions"}],"predecessor-version":[{"id":2634,"href":"https:\/\/pacojordan.com\/index.php?rest_route=\/wp\/v2\/posts\/2628\/revisions\/2634"}],"wp:featuredmedia":[{"embeddable":true,"href":"https:\/\/pacojordan.com\/index.php?rest_route=\/wp\/v2\/media\/2635"}],"wp:attachment":[{"href":"https:\/\/pacojordan.com\/index.php?rest_route=%2Fwp%2Fv2%2Fmedia&parent=2628"}],"wp:term":[{"taxonomy":"category","embeddable":true,"href":"https:\/\/pacojordan.com\/index.php?rest_route=%2Fwp%2Fv2%2Fcategories&post=2628"},{"taxonomy":"post_tag","embeddable":true,"href":"https:\/\/pacojordan.com\/index.php?rest_route=%2Fwp%2Fv2%2Ftags&post=2628"}],"curies":[{"name":"wp","href":"https:\/\/api.w.org\/{rel}","templated":true}]}}