{"id":2640,"date":"2026-01-20T17:32:23","date_gmt":"2026-01-20T17:32:23","guid":{"rendered":"https:\/\/pacojordan.com\/?p=2640"},"modified":"2026-01-20T17:43:10","modified_gmt":"2026-01-20T17:43:10","slug":"exposicion-colectiva-psa-spain-members-en-onda-castellon","status":"publish","type":"post","link":"https:\/\/pacojordan.com\/?p=2640","title":{"rendered":"Exposici\u00f3n colectiva &#8220;PSA Spain Members&#8221; en Onda (Castell\u00f3n)"},"content":{"rendered":"\t\t<div data-elementor-type=\"wp-post\" data-elementor-id=\"2640\" class=\"elementor elementor-2640\" data-elementor-settings=\"[]\">\n\t\t\t<div class=\"elementor-inner\">\n\t\t\t\t<div class=\"elementor-section-wrap\">\n\t\t\t\t\t\t\t<section class=\"elementor-element elementor-element-4476d4d elementor-section-boxed elementor-section-height-default elementor-section-height-default elementor-section elementor-top-section\" data-id=\"4476d4d\" data-element_type=\"section\">\n\t\t\t\t\t\t<div class=\"elementor-container elementor-column-gap-default\">\n\t\t\t\t<div class=\"elementor-row\">\n\t\t\t\t<div class=\"elementor-element elementor-element-6165040 elementor-column elementor-col-100 elementor-top-column\" data-id=\"6165040\" data-element_type=\"column\">\n\t\t\t<div class=\"elementor-column-wrap  elementor-element-populated\">\n\t\t\t\t\t<div class=\"elementor-widget-wrap\">\n\t\t\t\t<div class=\"elementor-element elementor-element-582c7cf elementor-widget elementor-widget-text-editor\" data-id=\"582c7cf\" data-element_type=\"widget\" data-widget_type=\"text-editor.default\">\n\t\t\t\t<div class=\"elementor-widget-container\">\n\t\t\t\t\t<div class=\"elementor-text-editor elementor-clearfix\"><div class=\"xdj266r x14z9mp xat24cr x1lziwak x1vvkbs x126k92a\"><div dir=\"auto\">El pasado viernes 16 de enero tuvimos el honor y la satisfacci\u00f3n de presentar la exposici\u00f3n colectiva \u201cPSA Spain Members\u201d en la sala de exposiciones de la Casa de la Cultura de Onda (Castell\u00f3n).<\/div><\/div><div class=\"x14z9mp xat24cr x1lziwak x1vvkbs xtlvy1s x126k92a\"><div dir=\"auto\">El acto cont\u00f3 con la presencia de la alcaldesa de Onda, Sra. Carmina Ballester, del concejal de Cultura y Juventud, Sr. Daniel \u00c1lvaro, as\u00ed como de diversos representantes del consistorio municipal. Asimismo, asisti\u00f3 numeroso p\u00fablico, junto a socios y amigos de la Agrupaci\u00f3 Fotogr\u00e0fica L\u2019Art de la Llum.<\/div><\/div><div class=\"x14z9mp xat24cr x1lziwak x1vvkbs xtlvy1s x126k92a\"><div dir=\"auto\">\u00a0<\/div><\/div><\/div>\n\t\t\t\t<\/div>\n\t\t\t\t<\/div>\n\t\t\t\t\t\t<\/div>\n\t\t\t<\/div>\n\t\t<\/div>\n\t\t\t\t\t\t<\/div>\n\t\t\t<\/div>\n\t\t<\/section>\n\t\t\t\t<section class=\"elementor-element elementor-element-2ad0ff5 elementor-section-boxed elementor-section-height-default elementor-section-height-default elementor-section elementor-top-section\" data-id=\"2ad0ff5\" data-element_type=\"section\">\n\t\t\t\t\t\t<div class=\"elementor-container elementor-column-gap-default\">\n\t\t\t\t<div class=\"elementor-row\">\n\t\t\t\t<div class=\"elementor-element elementor-element-cd2c9d1 elementor-column elementor-col-100 elementor-top-column\" data-id=\"cd2c9d1\" data-element_type=\"column\">\n\t\t\t<div class=\"elementor-column-wrap  elementor-element-populated\">\n\t\t\t\t\t<div class=\"elementor-widget-wrap\">\n\t\t\t\t<div class=\"elementor-element elementor-element-2b860b9 elementor-widget elementor-widget-image\" data-id=\"2b860b9\" data-element_type=\"widget\" data-widget_type=\"image.default\">\n\t\t\t\t<div class=\"elementor-widget-container\">\n\t\t\t\t\t<div class=\"elementor-image\">\n\t\t\t\t\t\t\t\t\t\t<img width=\"1024\" height=\"899\" src=\"https:\/\/pacojordan.com\/wp-content\/uploads\/2026\/01\/foto-onda-1-1024x899.jpg\" class=\"attachment-large size-large\" alt=\"\" loading=\"lazy\" srcset=\"https:\/\/pacojordan.com\/wp-content\/uploads\/2026\/01\/foto-onda-1-1024x899.jpg 1024w, https:\/\/pacojordan.com\/wp-content\/uploads\/2026\/01\/foto-onda-1-300x263.jpg 300w, https:\/\/pacojordan.com\/wp-content\/uploads\/2026\/01\/foto-onda-1-768x674.jpg 768w, https:\/\/pacojordan.com\/wp-content\/uploads\/2026\/01\/foto-onda-1.jpg 1041w\" sizes=\"(max-width: 1024px) 100vw, 1024px\" \/>\t\t\t\t\t\t\t\t\t\t\t<\/div>\n\t\t\t\t<\/div>\n\t\t\t\t<\/div>\n\t\t\t\t\t\t<\/div>\n\t\t\t<\/div>\n\t\t<\/div>\n\t\t\t\t\t\t<\/div>\n\t\t\t<\/div>\n\t\t<\/section>\n\t\t\t\t<section class=\"elementor-element elementor-element-e2c305d elementor-section-boxed elementor-section-height-default elementor-section-height-default elementor-section elementor-top-section\" data-id=\"e2c305d\" data-element_type=\"section\">\n\t\t\t\t\t\t<div class=\"elementor-container elementor-column-gap-default\">\n\t\t\t\t<div class=\"elementor-row\">\n\t\t\t\t<div class=\"elementor-element elementor-element-d3d7833 elementor-column elementor-col-100 elementor-top-column\" data-id=\"d3d7833\" data-element_type=\"column\">\n\t\t\t<div class=\"elementor-column-wrap  elementor-element-populated\">\n\t\t\t\t\t<div class=\"elementor-widget-wrap\">\n\t\t\t\t<div class=\"elementor-element elementor-element-6bddf2b elementor-widget elementor-widget-text-editor\" data-id=\"6bddf2b\" data-element_type=\"widget\" data-widget_type=\"text-editor.default\">\n\t\t\t\t<div class=\"elementor-widget-container\">\n\t\t\t\t\t<div class=\"elementor-text-editor elementor-clearfix\"><p>Por parte de los miembros espa\u00f1oles de la Photographic Society of America (PSA), estuvieron presentes Salvador Atance, que se desplaz\u00f3 desde Barcelona, Jos\u00e9 Luis Mol\u00e9s, presidente de L\u2019Eliana Foto y Santos Moreno Villar nuestro enlace oficial de la PSA en Espa\u00f1a.<\/p><\/div>\n\t\t\t\t<\/div>\n\t\t\t\t<\/div>\n\t\t\t\t\t\t<\/div>\n\t\t\t<\/div>\n\t\t<\/div>\n\t\t\t\t\t\t<\/div>\n\t\t\t<\/div>\n\t\t<\/section>\n\t\t\t\t<section class=\"elementor-element elementor-element-9ba3984 elementor-section-boxed elementor-section-height-default elementor-section-height-default elementor-section elementor-top-section\" data-id=\"9ba3984\" data-element_type=\"section\">\n\t\t\t\t\t\t<div class=\"elementor-container elementor-column-gap-default\">\n\t\t\t\t<div class=\"elementor-row\">\n\t\t\t\t<div class=\"elementor-element elementor-element-feab021 elementor-column elementor-col-100 elementor-top-column\" data-id=\"feab021\" data-element_type=\"column\">\n\t\t\t<div class=\"elementor-column-wrap  elementor-element-populated\">\n\t\t\t\t\t<div class=\"elementor-widget-wrap\">\n\t\t\t\t<div class=\"elementor-element elementor-element-8226d5c elementor-widget elementor-widget-image\" data-id=\"8226d5c\" data-element_type=\"widget\" data-widget_type=\"image.default\">\n\t\t\t\t<div class=\"elementor-widget-container\">\n\t\t\t\t\t<div class=\"elementor-image\">\n\t\t\t\t\t\t\t\t\t\t<img width=\"1024\" height=\"785\" src=\"https:\/\/pacojordan.com\/wp-content\/uploads\/2026\/01\/expo-onda-3-1024x785.jpg\" class=\"attachment-large size-large\" alt=\"\" loading=\"lazy\" srcset=\"https:\/\/pacojordan.com\/wp-content\/uploads\/2026\/01\/expo-onda-3-1024x785.jpg 1024w, https:\/\/pacojordan.com\/wp-content\/uploads\/2026\/01\/expo-onda-3-300x230.jpg 300w, https:\/\/pacojordan.com\/wp-content\/uploads\/2026\/01\/expo-onda-3-768x589.jpg 768w, https:\/\/pacojordan.com\/wp-content\/uploads\/2026\/01\/expo-onda-3.jpg 1162w\" sizes=\"(max-width: 1024px) 100vw, 1024px\" \/>\t\t\t\t\t\t\t\t\t\t\t<\/div>\n\t\t\t\t<\/div>\n\t\t\t\t<\/div>\n\t\t\t\t\t\t<\/div>\n\t\t\t<\/div>\n\t\t<\/div>\n\t\t\t\t\t\t<\/div>\n\t\t\t<\/div>\n\t\t<\/section>\n\t\t\t\t<section class=\"elementor-element elementor-element-3cfe10d elementor-section-boxed elementor-section-height-default elementor-section-height-default elementor-section elementor-top-section\" data-id=\"3cfe10d\" data-element_type=\"section\">\n\t\t\t\t\t\t<div class=\"elementor-container elementor-column-gap-default\">\n\t\t\t\t<div class=\"elementor-row\">\n\t\t\t\t<div class=\"elementor-element elementor-element-7ea6be8 elementor-column elementor-col-100 elementor-top-column\" data-id=\"7ea6be8\" data-element_type=\"column\">\n\t\t\t<div class=\"elementor-column-wrap  elementor-element-populated\">\n\t\t\t\t\t<div class=\"elementor-widget-wrap\">\n\t\t\t\t<div class=\"elementor-element elementor-element-a2d651c elementor-widget elementor-widget-text-editor\" data-id=\"a2d651c\" data-element_type=\"widget\" data-widget_type=\"text-editor.default\">\n\t\t\t\t<div class=\"elementor-widget-container\">\n\t\t\t\t\t<div class=\"elementor-text-editor elementor-clearfix\"><div class=\"x14z9mp xat24cr x1lziwak x1vvkbs xtlvy1s x126k92a\"><div dir=\"auto\">El acto fue cerrado por el Sr. Daniel \u00c1lvaro, quien destac\u00f3 la calidad del trabajo expuesto y expres\u00f3 su satisfacci\u00f3n por la incorporaci\u00f3n de L\u2019Art de la Llum a la <span class=\"html-span xdj266r x14z9mp xat24cr x1lziwak xexx8yu xyri2b x18d9i69 x1c1uobl x1hl2dhg x16tdsg8 x1vvkbs\"><a class=\"x1i10hfl xjbqb8w x1ejq31n x18oe1m7 x1sy0etr xstzfhl x972fbf x10w94by x1qhh985 x14e42zd x9f619 x1ypdohk xt0psk2 x3ct3a4 xdj266r x14z9mp xat24cr x1lziwak xexx8yu xyri2b x18d9i69 x1c1uobl x16tdsg8 x1hl2dhg xggy1nq x1a2a7pz xkrqix3 x1sur9pj x1fey0fg x1s688f\" tabindex=\"0\" role=\"link\" href=\"https:\/\/www.facebook.com\/Photographic.Society.of.America?__cft__[0]=AZZG1OrkNVyPga5wnN1qIhQU8jZn9DahFYs6GziRA2gcrA7QBj_InfiCMtCyK9vgcNsToHJjgc8hpnRGyaXrATy1hNiUoTGQJRiyEapom6C5a8oVblCtqo8YErlJLJgdLKgWgxiN2f_iE4ILLu8mD_0jJH4lYVn2qoMOJXX6um_PTA&amp;__tn__=-]K-R\"><span class=\"xt0psk2\"><span class=\"xjp7ctv\">Photographic Society of America<\/span><\/span><\/a><\/span>.<\/div><\/div><div class=\"x14z9mp xat24cr x1lziwak x1vvkbs xtlvy1s x126k92a\"><div dir=\"auto\">Para finalizar, realizamos una visita por la exposici\u00f3n, durante la cual recibimos numerosos comentarios de elogio por parte de los asistentes, que pusieron de manifiesto la excelente acogida de la muestra.<\/div><\/div><\/div>\n\t\t\t\t<\/div>\n\t\t\t\t<\/div>\n\t\t\t\t\t\t<\/div>\n\t\t\t<\/div>\n\t\t<\/div>\n\t\t\t\t\t\t<\/div>\n\t\t\t<\/div>\n\t\t<\/section>\n\t\t\t\t\t\t<\/div>\n\t\t\t<\/div>\n\t\t<\/div>\n\t\t","protected":false},"excerpt":{"rendered":"<p>El pasado viernes 16 de enero tuvimos el honor y la satisfacci\u00f3n de presentar la &hellip;<\/p>\n<p class=\"read-more\"> <a class=\"\" href=\"https:\/\/pacojordan.com\/?p=2640\"> <span class=\"screen-reader-text\">Exposici\u00f3n colectiva &#8220;PSA Spain Members&#8221; en Onda (Castell\u00f3n)<\/span> Leer m\u00e1s \u00bb<\/a><\/p>\n","protected":false},"author":1,"featured_media":2646,"comment_status":"open","ping_status":"open","sticky":false,"template":"","format":"standard","meta":[],"categories":[1],"tags":[],"_links":{"self":[{"href":"https:\/\/pacojordan.com\/index.php?rest_route=\/wp\/v2\/posts\/2640"}],"collection":[{"href":"https:\/\/pacojordan.com\/index.php?rest_route=\/wp\/v2\/posts"}],"about":[{"href":"https:\/\/pacojordan.com\/index.php?rest_route=\/wp\/v2\/types\/post"}],"author":[{"embeddable":true,"href":"https:\/\/pacojordan.com\/index.php?rest_route=\/wp\/v2\/users\/1"}],"replies":[{"embeddable":true,"href":"https:\/\/pacojordan.com\/index.php?rest_route=%2Fwp%2Fv2%2Fcomments&post=2640"}],"version-history":[{"count":3,"href":"https:\/\/pacojordan.com\/index.php?rest_route=\/wp\/v2\/posts\/2640\/revisions"}],"predecessor-version":[{"id":2647,"href":"https:\/\/pacojordan.com\/index.php?rest_route=\/wp\/v2\/posts\/2640\/revisions\/2647"}],"wp:featuredmedia":[{"embeddable":true,"href":"https:\/\/pacojordan.com\/index.php?rest_route=\/wp\/v2\/media\/2646"}],"wp:attachment":[{"href":"https:\/\/pacojordan.com\/index.php?rest_route=%2Fwp%2Fv2%2Fmedia&parent=2640"}],"wp:term":[{"taxonomy":"category","embeddable":true,"href":"https:\/\/pacojordan.com\/index.php?rest_route=%2Fwp%2Fv2%2Fcategories&post=2640"},{"taxonomy":"post_tag","embeddable":true,"href":"https:\/\/pacojordan.com\/index.php?rest_route=%2Fwp%2Fv2%2Ftags&post=2640"}],"curies":[{"name":"wp","href":"https:\/\/api.w.org\/{rel}","templated":true}]}}