{"id":2800,"date":"2026-03-05T15:56:19","date_gmt":"2026-03-05T15:56:19","guid":{"rendered":"https:\/\/pacojordan.com\/?p=2800"},"modified":"2026-07-06T16:00:23","modified_gmt":"2026-07-06T16:00:23","slug":"elementor-2800","status":"publish","type":"post","link":"https:\/\/pacojordan.com\/?p=2800","title":{"rendered":"Exposici\u00f3n colectiva PSA en C\u00f3rdoba"},"content":{"rendered":"\t\t<div data-elementor-type=\"wp-post\" data-elementor-id=\"2800\" class=\"elementor elementor-2800\" data-elementor-settings=\"[]\">\n\t\t\t<div class=\"elementor-inner\">\n\t\t\t\t<div class=\"elementor-section-wrap\">\n\t\t\t\t\t\t\t<section class=\"elementor-element elementor-element-443a8ad elementor-section-boxed elementor-section-height-default elementor-section-height-default elementor-section elementor-top-section\" data-id=\"443a8ad\" data-element_type=\"section\">\n\t\t\t\t\t\t<div class=\"elementor-container elementor-column-gap-default\">\n\t\t\t\t<div class=\"elementor-row\">\n\t\t\t\t<div class=\"elementor-element elementor-element-5f934ac elementor-column elementor-col-100 elementor-top-column\" data-id=\"5f934ac\" data-element_type=\"column\">\n\t\t\t<div class=\"elementor-column-wrap  elementor-element-populated\">\n\t\t\t\t\t<div class=\"elementor-widget-wrap\">\n\t\t\t\t<div class=\"elementor-element elementor-element-ae0c1c6 elementor-widget elementor-widget-text-editor\" data-id=\"ae0c1c6\" data-element_type=\"widget\" data-widget_type=\"text-editor.default\">\n\t\t\t\t<div class=\"elementor-widget-container\">\n\t\t\t\t\t<div class=\"elementor-text-editor elementor-clearfix\"><p>El Jueves 5 de Marzo se inauguramos\u00a0 la exposici\u00f3n de la PSA en la Asociaci\u00f3n Fotogr\u00e1fica Cordobesa \u2013 AFOCO. Este 2026 es un a\u00f1o muy especial: se celebran los 200 a\u00f1os de la invenci\u00f3n de la fotograf\u00eda y, adem\u00e1s, la Asociaci\u00f3n Fotogr\u00e1fica Cordobesa \u2013 AFOCO cumple 45 a\u00f1os fomentando la fotograf\u00eda en C\u00f3rdoba. Tras la excelente acogida del p\u00fablico y los medios, la muestra llega ahora a la Galer\u00eda Ignacio Barcel\u00f3, en la emblem\u00e1tica ciudad de C\u00f3rdoba, reconocida como Patrimonio de la Humanidad. Un espacio que aporta un contexto \u00fanico y cargado de historia, generando un di\u00e1logo enriquecedor entre las obras y el entorno que las acoge.<\/p><\/div>\n\t\t\t\t<\/div>\n\t\t\t\t<\/div>\n\t\t\t\t\t\t<\/div>\n\t\t\t<\/div>\n\t\t<\/div>\n\t\t\t\t\t\t<\/div>\n\t\t\t<\/div>\n\t\t<\/section>\n\t\t\t\t<section class=\"elementor-element elementor-element-ab9520a elementor-section-boxed elementor-section-height-default elementor-section-height-default elementor-section elementor-top-section\" data-id=\"ab9520a\" data-element_type=\"section\">\n\t\t\t\t\t\t<div class=\"elementor-container elementor-column-gap-default\">\n\t\t\t\t<div class=\"elementor-row\">\n\t\t\t\t<div class=\"elementor-element elementor-element-a4dc4c2 elementor-column elementor-col-100 elementor-top-column\" data-id=\"a4dc4c2\" data-element_type=\"column\">\n\t\t\t<div class=\"elementor-column-wrap  elementor-element-populated\">\n\t\t\t\t\t<div class=\"elementor-widget-wrap\">\n\t\t\t\t<div class=\"elementor-element elementor-element-09d8f9d elementor-widget elementor-widget-image\" data-id=\"09d8f9d\" data-element_type=\"widget\" data-widget_type=\"image.default\">\n\t\t\t\t<div class=\"elementor-widget-container\">\n\t\t\t\t\t<div class=\"elementor-image\">\n\t\t\t\t\t\t\t\t\t\t<img width=\"405\" height=\"836\" src=\"https:\/\/pacojordan.com\/wp-content\/uploads\/2026\/07\/Captura-de-pantalla-2026-07-06-175612.png\" class=\"attachment-large size-large\" alt=\"\" loading=\"lazy\" srcset=\"https:\/\/pacojordan.com\/wp-content\/uploads\/2026\/07\/Captura-de-pantalla-2026-07-06-175612.png 405w, https:\/\/pacojordan.com\/wp-content\/uploads\/2026\/07\/Captura-de-pantalla-2026-07-06-175612-145x300.png 145w\" sizes=\"(max-width: 405px) 100vw, 405px\" \/>\t\t\t\t\t\t\t\t\t\t\t<\/div>\n\t\t\t\t<\/div>\n\t\t\t\t<\/div>\n\t\t\t\t\t\t<\/div>\n\t\t\t<\/div>\n\t\t<\/div>\n\t\t\t\t\t\t<\/div>\n\t\t\t<\/div>\n\t\t<\/section>\n\t\t\t\t\t\t<\/div>\n\t\t\t<\/div>\n\t\t<\/div>\n\t\t","protected":false},"excerpt":{"rendered":"<p>El Jueves 5 de Marzo se inauguramos\u00a0 la exposici\u00f3n de la PSA en la Asociaci\u00f3n &hellip;<\/p>\n<p class=\"read-more\"> <a class=\"\" href=\"https:\/\/pacojordan.com\/?p=2800\"> <span class=\"screen-reader-text\">Exposici\u00f3n colectiva PSA en C\u00f3rdoba<\/span> Leer m\u00e1s \u00bb<\/a><\/p>\n","protected":false},"author":1,"featured_media":2801,"comment_status":"open","ping_status":"open","sticky":false,"template":"","format":"standard","meta":[],"categories":[1],"tags":[],"_links":{"self":[{"href":"https:\/\/pacojordan.com\/index.php?rest_route=\/wp\/v2\/posts\/2800"}],"collection":[{"href":"https:\/\/pacojordan.com\/index.php?rest_route=\/wp\/v2\/posts"}],"about":[{"href":"https:\/\/pacojordan.com\/index.php?rest_route=\/wp\/v2\/types\/post"}],"author":[{"embeddable":true,"href":"https:\/\/pacojordan.com\/index.php?rest_route=\/wp\/v2\/users\/1"}],"replies":[{"embeddable":true,"href":"https:\/\/pacojordan.com\/index.php?rest_route=%2Fwp%2Fv2%2Fcomments&post=2800"}],"version-history":[{"count":4,"href":"https:\/\/pacojordan.com\/index.php?rest_route=\/wp\/v2\/posts\/2800\/revisions"}],"predecessor-version":[{"id":2805,"href":"https:\/\/pacojordan.com\/index.php?rest_route=\/wp\/v2\/posts\/2800\/revisions\/2805"}],"wp:featuredmedia":[{"embeddable":true,"href":"https:\/\/pacojordan.com\/index.php?rest_route=\/wp\/v2\/media\/2801"}],"wp:attachment":[{"href":"https:\/\/pacojordan.com\/index.php?rest_route=%2Fwp%2Fv2%2Fmedia&parent=2800"}],"wp:term":[{"taxonomy":"category","embeddable":true,"href":"https:\/\/pacojordan.com\/index.php?rest_route=%2Fwp%2Fv2%2Fcategories&post=2800"},{"taxonomy":"post_tag","embeddable":true,"href":"https:\/\/pacojordan.com\/index.php?rest_route=%2Fwp%2Fv2%2Ftags&post=2800"}],"curies":[{"name":"wp","href":"https:\/\/api.w.org\/{rel}","templated":true}]}}