{"id":2812,"date":"2026-07-04T16:16:18","date_gmt":"2026-07-04T16:16:18","guid":{"rendered":"https:\/\/pacojordan.com\/?p=2812"},"modified":"2026-07-06T16:18:23","modified_gmt":"2026-07-06T16:18:23","slug":"exposicion-photographic-society-of-america-psa-spain-members-santarem-portugal","status":"publish","type":"post","link":"https:\/\/pacojordan.com\/?p=2812","title":{"rendered":"Exposici\u00f3n  Photographic Society of America (PSA) \u2013 Spain Members Santar\u00e9m (Portugal)"},"content":{"rendered":"\t\t<div data-elementor-type=\"wp-post\" data-elementor-id=\"2812\" class=\"elementor elementor-2812\" data-elementor-settings=\"[]\">\n\t\t\t<div class=\"elementor-inner\">\n\t\t\t\t<div class=\"elementor-section-wrap\">\n\t\t\t\t\t\t\t<section class=\"elementor-element elementor-element-3761abc elementor-section-boxed elementor-section-height-default elementor-section-height-default elementor-section elementor-top-section\" data-id=\"3761abc\" data-element_type=\"section\">\n\t\t\t\t\t\t<div class=\"elementor-container elementor-column-gap-default\">\n\t\t\t\t<div class=\"elementor-row\">\n\t\t\t\t<div class=\"elementor-element elementor-element-6864271 elementor-column elementor-col-100 elementor-top-column\" data-id=\"6864271\" data-element_type=\"column\">\n\t\t\t<div class=\"elementor-column-wrap  elementor-element-populated\">\n\t\t\t\t\t<div class=\"elementor-widget-wrap\">\n\t\t\t\t<div class=\"elementor-element elementor-element-aedc3d2 elementor-widget elementor-widget-text-editor\" data-id=\"aedc3d2\" data-element_type=\"widget\" data-widget_type=\"text-editor.default\">\n\t\t\t\t<div class=\"elementor-widget-container\">\n\t\t\t\t\t<div class=\"elementor-text-editor elementor-clearfix\"><div class=\"xdj266r x14z9mp xat24cr x1lziwak x1vvkbs x126k92a\"><div dir=\"auto\">Exponemos en Portugal La exposici\u00f3n colectiva de los socios espa\u00f1oles de la Photographic Society of America (PSA) \u2013 Spain Members contin\u00faa su recorrido itinerante.<\/div><\/div><div class=\"x14z9mp xat24cr x1lziwak x1vvkbs xtlvy1s x126k92a\"><div dir=\"auto\">Su nuevo destino es la hist\u00f3rica ciudad de Santar\u00e9m, cuna del g\u00f3tico portugu\u00e9s, en un entorno privilegiado a orillas del r\u00edo Tajo.<\/div><\/div><div class=\"x14z9mp xat24cr x1lziwak x1vvkbs xtlvy1s x126k92a\"><div dir=\"auto\"><span class=\"html-span xexx8yu xyri2b x18d9i69 x1c1uobl x1hl2dhg x16tdsg8 x1vvkbs x3nfvp2 x1j61x8r x1fcty0u xdj266r xat24cr xm2jcoa x1mpyi22 xxymvpz xlup9mm x1kky2od\"><img loading=\"lazy\" class=\"xz74otr x15mokao x1ga7v0g x16uus16 xbiv7yw\" src=\"https:\/\/static.xx.fbcdn.net\/images\/emoji.php\/v9\/t89\/1\/16\/1f3db.png\" alt=\"\ud83c\udfdb\ufe0f\" width=\"16\" height=\"16\" \/><\/span> Centro Cultural Regional de Santar\u00e9m<\/div><div dir=\"auto\"><span class=\"html-span xexx8yu xyri2b x18d9i69 x1c1uobl x1hl2dhg x16tdsg8 x1vvkbs x3nfvp2 x1j61x8r x1fcty0u xdj266r xat24cr xm2jcoa x1mpyi22 xxymvpz xlup9mm x1kky2od\"><img loading=\"lazy\" class=\"xz74otr x15mokao x1ga7v0g x16uus16 xbiv7yw\" src=\"https:\/\/static.xx.fbcdn.net\/images\/emoji.php\/v9\/t2d\/1\/16\/1f4cd.png\" alt=\"\ud83d\udccd\" width=\"16\" height=\"16\" \/><\/span> Rua Dr. Joaquim Lu\u00eds Martins, 16<\/div><\/div><div class=\"x14z9mp xat24cr x1lziwak x1vvkbs xtlvy1s x126k92a\"><div dir=\"auto\"><span class=\"html-span xexx8yu xyri2b x18d9i69 x1c1uobl x1hl2dhg x16tdsg8 x1vvkbs x3nfvp2 x1j61x8r x1fcty0u xdj266r xat24cr xm2jcoa x1mpyi22 xxymvpz xlup9mm x1kky2od\"><img loading=\"lazy\" class=\"xz74otr x15mokao x1ga7v0g x16uus16 xbiv7yw\" src=\"https:\/\/static.xx.fbcdn.net\/images\/emoji.php\/v9\/t7e\/1\/16\/1f4c5.png\" alt=\"\ud83d\udcc5\" width=\"16\" height=\"16\" \/><\/span> Inauguraci\u00f3n: S\u00e1bado, 4 de julio<\/div><div dir=\"auto\"><span class=\"html-span xexx8yu xyri2b x18d9i69 x1c1uobl x1hl2dhg x16tdsg8 x1vvkbs x3nfvp2 x1j61x8r x1fcty0u xdj266r xat24cr xm2jcoa x1mpyi22 xxymvpz xlup9mm x1kky2od\"><img loading=\"lazy\" class=\"xz74otr x15mokao x1ga7v0g x16uus16 xbiv7yw\" src=\"https:\/\/static.xx.fbcdn.net\/images\/emoji.php\/v9\/t4e\/1\/16\/1f5bc.png\" alt=\"\ud83d\uddbc\ufe0f\" width=\"16\" height=\"16\" \/><\/span> Exposici\u00f3n abierta: Hasta el 25 de julio<\/div><\/div><div class=\"x14z9mp xat24cr x1lziwak x1vvkbs xtlvy1s x126k92a\"><div dir=\"auto\">Es una gran satisfacci\u00f3n llevar nuestro trabajo al pa\u00eds vecino. Para esta nueva cita, la exposici\u00f3n sigue creciendo con la incorporaci\u00f3n de dos nuevos autores y presenta una cuidada selecci\u00f3n de 36 obras de fot\u00f3grafos de \u00e1mbito nacional.<\/div><\/div><\/div>\n\t\t\t\t<\/div>\n\t\t\t\t<\/div>\n\t\t\t\t\t\t<\/div>\n\t\t\t<\/div>\n\t\t<\/div>\n\t\t\t\t\t\t<\/div>\n\t\t\t<\/div>\n\t\t<\/section>\n\t\t\t\t<section class=\"elementor-element elementor-element-17cf78e elementor-section-boxed elementor-section-height-default elementor-section-height-default elementor-section elementor-top-section\" data-id=\"17cf78e\" data-element_type=\"section\">\n\t\t\t\t\t\t<div class=\"elementor-container elementor-column-gap-default\">\n\t\t\t\t<div class=\"elementor-row\">\n\t\t\t\t<div class=\"elementor-element elementor-element-231b235 elementor-column elementor-col-100 elementor-top-column\" data-id=\"231b235\" data-element_type=\"column\">\n\t\t\t<div class=\"elementor-column-wrap  elementor-element-populated\">\n\t\t\t\t\t<div class=\"elementor-widget-wrap\">\n\t\t\t\t<div class=\"elementor-element elementor-element-46f9c22 elementor-widget elementor-widget-image\" data-id=\"46f9c22\" data-element_type=\"widget\" data-widget_type=\"image.default\">\n\t\t\t\t<div class=\"elementor-widget-container\">\n\t\t\t\t\t<div class=\"elementor-image\">\n\t\t\t\t\t\t\t\t\t\t<img width=\"641\" height=\"892\" src=\"https:\/\/pacojordan.com\/wp-content\/uploads\/2026\/07\/portugal.png\" class=\"attachment-large size-large\" alt=\"\" loading=\"lazy\" srcset=\"https:\/\/pacojordan.com\/wp-content\/uploads\/2026\/07\/portugal.png 641w, https:\/\/pacojordan.com\/wp-content\/uploads\/2026\/07\/portugal-216x300.png 216w\" sizes=\"(max-width: 641px) 100vw, 641px\" \/>\t\t\t\t\t\t\t\t\t\t\t<\/div>\n\t\t\t\t<\/div>\n\t\t\t\t<\/div>\n\t\t\t\t\t\t<\/div>\n\t\t\t<\/div>\n\t\t<\/div>\n\t\t\t\t\t\t<\/div>\n\t\t\t<\/div>\n\t\t<\/section>\n\t\t\t\t\t\t<\/div>\n\t\t\t<\/div>\n\t\t<\/div>\n\t\t","protected":false},"excerpt":{"rendered":"<p>Exponemos en Portugal La exposici\u00f3n colectiva de los socios espa\u00f1oles de la Photographic Society of &hellip;<\/p>\n<p class=\"read-more\"> <a class=\"\" href=\"https:\/\/pacojordan.com\/?p=2812\"> <span class=\"screen-reader-text\">Exposici\u00f3n  Photographic Society of America (PSA) \u2013 Spain Members Santar\u00e9m (Portugal)<\/span> Leer m\u00e1s \u00bb<\/a><\/p>\n","protected":false},"author":1,"featured_media":2813,"comment_status":"open","ping_status":"open","sticky":false,"template":"","format":"standard","meta":[],"categories":[1],"tags":[],"_links":{"self":[{"href":"https:\/\/pacojordan.com\/index.php?rest_route=\/wp\/v2\/posts\/2812"}],"collection":[{"href":"https:\/\/pacojordan.com\/index.php?rest_route=\/wp\/v2\/posts"}],"about":[{"href":"https:\/\/pacojordan.com\/index.php?rest_route=\/wp\/v2\/types\/post"}],"author":[{"embeddable":true,"href":"https:\/\/pacojordan.com\/index.php?rest_route=\/wp\/v2\/users\/1"}],"replies":[{"embeddable":true,"href":"https:\/\/pacojordan.com\/index.php?rest_route=%2Fwp%2Fv2%2Fcomments&post=2812"}],"version-history":[{"count":3,"href":"https:\/\/pacojordan.com\/index.php?rest_route=\/wp\/v2\/posts\/2812\/revisions"}],"predecessor-version":[{"id":2816,"href":"https:\/\/pacojordan.com\/index.php?rest_route=\/wp\/v2\/posts\/2812\/revisions\/2816"}],"wp:featuredmedia":[{"embeddable":true,"href":"https:\/\/pacojordan.com\/index.php?rest_route=\/wp\/v2\/media\/2813"}],"wp:attachment":[{"href":"https:\/\/pacojordan.com\/index.php?rest_route=%2Fwp%2Fv2%2Fmedia&parent=2812"}],"wp:term":[{"taxonomy":"category","embeddable":true,"href":"https:\/\/pacojordan.com\/index.php?rest_route=%2Fwp%2Fv2%2Fcategories&post=2812"},{"taxonomy":"post_tag","embeddable":true,"href":"https:\/\/pacojordan.com\/index.php?rest_route=%2Fwp%2Fv2%2Ftags&post=2812"}],"curies":[{"name":"wp","href":"https:\/\/api.w.org\/{rel}","templated":true}]}}